{"id":15956,"date":"2026-03-19T08:00:00","date_gmt":"2026-03-19T07:00:00","guid":{"rendered":"https:\/\/www.snowtrex.de\/magazin\/?p=15956"},"modified":"2026-03-19T10:18:37","modified_gmt":"2026-03-19T09:18:37","slug":"les-hotels-de-montagne-les-plus-hauts","status":"publish","type":"post","link":"https:\/\/www.snowtrex.fr\/magazine\/stations-de-ski\/les-hotels-de-montagne-les-plus-hauts\/","title":{"rendered":"Les h\u00f4tels de montagne les plus \u00e9lev\u00e9s des Alpes"},"content":{"rendered":"<p><strong>Vivre au milieu des plus hauts sommets des Alpes, en plein c\u0153ur d\u2019un domaine skiable : un r\u00eave de vacances ! Les h\u00f4tels de montagne les plus \u00e9lev\u00e9s des Alpes le r\u00e9alisent.<\/strong><\/p>\n<div class=\"tt-post-image-wrapper tt-post-image-wrapper-full\">\n            <div class=\"tt-image-copyright-container\">\n                <a href=\"https:\/\/www.snowtrex.fr\/magazine\/files\/2022\/02\/RS26981_shutterstock_1673544094-scr.jpg\" target=\"_blank\" rel=\"noopener\"><img loading=\"lazy\" decoding=\"async\" data-wrapped=\"true\" class=\"wp-image-55858 size-Artikelbild_gro\u00df\" title=\"Un lever de soleil derri\u00e8re les montagnes dans les Alpes fran\u00e7aises.\" src=\"https:\/\/www.snowtrex.fr\/magazine\/files\/2022\/02\/RS26981_shutterstock_1673544094-scr-729x486.jpg\" alt=\"Un lever de soleil derri\u00e8re les montagnes dans les Alpes fran\u00e7aises.\" width=\"729\" height=\"486\" srcset=\"https:\/\/www.snowtrex.fr\/magazine\/files\/2022\/02\/RS26981_shutterstock_1673544094-scr-729x486.jpg 729w, https:\/\/www.snowtrex.fr\/magazine\/files\/2022\/02\/RS26981_shutterstock_1673544094-scr-290x193.jpg 290w, https:\/\/www.snowtrex.fr\/magazine\/files\/2022\/02\/RS26981_shutterstock_1673544094-scr-728x485.jpg 728w, https:\/\/www.snowtrex.fr\/magazine\/files\/2022\/02\/RS26981_shutterstock_1673544094-scr-768x512.jpg 768w, https:\/\/www.snowtrex.fr\/magazine\/files\/2022\/02\/RS26981_shutterstock_1673544094-scr-468x312.jpg 468w, https:\/\/www.snowtrex.fr\/magazine\/files\/2022\/02\/RS26981_shutterstock_1673544094-scr-300x200.jpg 300w, https:\/\/www.snowtrex.fr\/magazine\/files\/2022\/02\/RS26981_shutterstock_1673544094-scr-999x666.jpg 999w, https:\/\/www.snowtrex.fr\/magazine\/files\/2022\/02\/RS26981_shutterstock_1673544094-scr-645x430.jpg 645w, https:\/\/www.snowtrex.fr\/magazine\/files\/2022\/02\/RS26981_shutterstock_1673544094-scr-552x368.jpg 552w, https:\/\/www.snowtrex.fr\/magazine\/files\/2022\/02\/RS26981_shutterstock_1673544094-scr-405x270.jpg 405w, https:\/\/www.snowtrex.fr\/magazine\/files\/2022\/02\/RS26981_shutterstock_1673544094-scr-336x224.jpg 336w, https:\/\/www.snowtrex.fr\/magazine\/files\/2022\/02\/RS26981_shutterstock_1673544094-scr-276x184.jpg 276w, https:\/\/www.snowtrex.fr\/magazine\/files\/2022\/02\/RS26981_shutterstock_1673544094-scr-234x156.jpg 234w, https:\/\/www.snowtrex.fr\/magazine\/files\/2022\/02\/RS26981_shutterstock_1673544094-scr-192x128.jpg 192w, https:\/\/www.snowtrex.fr\/magazine\/files\/2022\/02\/RS26981_shutterstock_1673544094-scr-120x80.jpg 120w, https:\/\/www.snowtrex.fr\/magazine\/files\/2022\/02\/RS26981_shutterstock_1673544094-scr.jpg 1440w\" sizes=\"(min-width: 1009px) 729px, (min-width: 819px) 594px, (min-width: 569px) 729px, (min-width: 449px) 468px, 348px\" \/><\/a><div class=\"tt-image-copyright\" data-image-id=\"55858\">\u00a9 Melina Weber\/shutterstock.de<\/div>\n            <\/div>\n            <div class=\"tt-post-caption\">Un lever de soleil derri\u00e8re les montagnes dans les Alpes fran\u00e7aises.<\/div>\n         <\/div > \n<div class=\"tt-table-of-content\">\n                <span class=\"tt-icon-circle-up tt-table-of-content-button\"><\/span><\/p>\n<div class=\"tt-table-of-content-caption\">\n                    Sommaire\n                <\/div>\n<div class=\"tt-table-of-content-body\">\n                    <a href=\"#glacier-hotel-grawand-(italie)\"><span class=\"layer-0\">Glacier Hotel Grawand (Italie)<\/span><\/a><a href=\"#kulmhotel-gornergrat-(suisse)\"><span class=\"layer-0\">Kulmhotel Gornergrat (Suisse)<\/span><\/a><a href=\"#berghaus-diavolezza-(suisse)\"><span class=\"layer-0\">Berghaus Diavolezza (Suisse)<\/span><\/a><a href=\"#wedelh\u00fctte-(autriche)\"><span class=\"layer-0\">Wedelh\u00fctte (Autriche)<\/span><\/a><a href=\"#adler-lounge-(autriche)\"><span class=\"layer-0\">Adler Lounge (Autriche)<\/span><\/a>\n                 <\/div>\n<\/p><\/div>\n<hr>\n<h2 id=\"glacier-hotel-grawand-(italie)\">Glacier Hotel Grawand (Italie)<\/h2>\n<ul>\n<li>Lieu : <a href=\"https:\/\/www.snowtrex.fr\/italie\/maso_corto\/sejour-ski.html\" target=\"_blank\" rel=\"noopener noreferrer\">Kurzras, dans le Tyrol du Sud<\/a><\/li>\n<li>Altitude : 3 212 m<\/li>\n<li>Domaine skiable : <a href=\"https:\/\/www.snowtrex.fr\/italie\/maso_corto\/domaine-skiable.html\" target=\"_blank\" rel=\"noopener noreferrer\">Glacier de la vall\u00e9e de Schnalstal<\/a><\/li>\n<\/ul>\n<p>Trois \u00e9toiles au c\u0153ur du glacier de la vall\u00e9e de Schnalstal et les pistes juste devant la porte : bienvenue au <a href=\"https:\/\/www.snowtrex.fr\/italie\/maso_corto\/glacier_hotel_grawand\/hebergement.html\" target=\"_blank\" rel=\"noopener noreferrer\">Glacier Hotel Grawand<\/a>, dans la vall\u00e9e de Schnalstal, en Haut-Adige. Situ\u00e9 \u00e0 3 212 m d&rsquo;altitude, cet h\u00f4tel est le plus haut h\u00f4tel de montagne d&rsquo;Europe ! Le matin, vous \u00eates assur\u00e9 d&rsquo;\u00eatre le premier sur les pistes et de glisser vers le lever du soleil sur des pistes fra\u00eechement dam\u00e9es. La station amont du t\u00e9l\u00e9ph\u00e9rique du glacier de Schnalstal se trouve juste \u00e0 c\u00f4t\u00e9 de l\u2019h\u00f4tel ; elle transporte les skieurs depuis le village de Kurzras jusqu\u2019au domaine skiable et les clients de l\u2019h\u00f4tel jusqu\u2019\u00e0 leur porte jusqu\u2019\u00e0 16h30. Depuis la terrasse ensoleill\u00e9e du Gipfelhotel Grawand, vous profiterez d\u2019une vue de r\u00eave sur les Alpes de l\u2019\u00d6tztal. Apr\u00e8s une journ\u00e9e intense sur les pistes, les amateurs de neige peuvent se d\u00e9tendre dans l\u2019espace bien-\u00eatre de l\u2019h\u00f4tel et profiter d\u2019une chaleur bienfaisante au sauna, au hammam et dans la cabine infrarouge. Les vacanciers hivernaux qui n\u2019en ont pas encore assez apr\u00e8s une journ\u00e9e passionnante sur les pistes peuvent se d\u00e9penser sur la table de ping-pong ou dans la salle de fitness. Les chambres confortablement am\u00e9nag\u00e9es sont dot\u00e9es de grandes fen\u00eatres offrant une vue imprenable sur les sommets de plus de 3 000 m\u00e8tres qui les entourent. Le soir, les clients se r\u00e9galent de d\u00e9lices culinaires au restaurant panoramique, dans un d\u00e9cor montagneux \u00e0 couper le souffle. Dans le domaine skiable du glacier de Schnalstal, outre les quelque 27 kilom\u00e8tres de pistes, d\u2019autres activit\u00e9s permettent de d\u00e9couvrir l\u2019univers montagnard. En hiver, par exemple, des randonn\u00e9es \u00e0 ski guid\u00e9es sont propos\u00e9es jusqu\u2019au site de d\u00e9couverte du c\u00e9l\u00e8bre \u00d6tzi, et une piste de ski de fond d\u2019altitude de 5 km commence non loin de l\u2019h\u00f4tel.<\/p>\n<h2 id=\"kulmhotel-gornergrat-(suisse)\">Kulmhotel Gornergrat (Suisse)<\/h2>\n<ul>\n<li>Lieu : <a href=\"https:\/\/www.snowtrex.fr\/suisse\/zermatt\/sejour-ski.html\" target=\"_blank\" rel=\"noopener noreferrer\">Zermatt<\/a><\/li>\n<li>Altitude : 3 100 m<\/li>\n<li>Domaine skiable : <a href=\"https:\/\/www.snowtrex.fr\/suisse\/sejour_ski.html\" target=\"_blank\" rel=\"noopener noreferrer\">Matterhorn ski paradise<\/a><\/li>\n<\/ul>\n<div class=\"tt-post-image-wrapper tt-post-image-wrapper-full\">\n            <div class=\"tt-image-copyright-container\">\n                <a href=\"https:\/\/www.snowtrex.fr\/magazine\/files\/2019\/01\/RS4643_shutterstock_233176468-scr.jpg\" rel=\"noopener\"><img loading=\"lazy\" decoding=\"async\" data-wrapped=\"true\" class=\"wp-image-37496 size-Artikelbild_gro\u00df\" title=\"Depuis le Kulmhotel Gornergrat, on jouit d'une vue imprenable sur le Cervin.\" src=\"https:\/\/www.snowtrex.fr\/magazine\/files\/2019\/01\/RS4643_shutterstock_233176468-scr-729x486.jpg\" alt=\"Depuis le Kulmhotel Gornergrat, on jouit d'une vue imprenable sur le Cervin.\" width=\"729\" height=\"486\" srcset=\"https:\/\/www.snowtrex.fr\/magazine\/files\/2019\/01\/RS4643_shutterstock_233176468-scr-729x486.jpg 729w, https:\/\/www.snowtrex.fr\/magazine\/files\/2019\/01\/RS4643_shutterstock_233176468-scr-290x193.jpg 290w, https:\/\/www.snowtrex.fr\/magazine\/files\/2019\/01\/RS4643_shutterstock_233176468-scr-728x486.jpg 728w, https:\/\/www.snowtrex.fr\/magazine\/files\/2019\/01\/RS4643_shutterstock_233176468-scr-768x512.jpg 768w, https:\/\/www.snowtrex.fr\/magazine\/files\/2019\/01\/RS4643_shutterstock_233176468-scr-468x312.jpg 468w, https:\/\/www.snowtrex.fr\/magazine\/files\/2019\/01\/RS4643_shutterstock_233176468-scr-300x200.jpg 300w, https:\/\/www.snowtrex.fr\/magazine\/files\/2019\/01\/RS4643_shutterstock_233176468-scr-999x666.jpg 999w, https:\/\/www.snowtrex.fr\/magazine\/files\/2019\/01\/RS4643_shutterstock_233176468-scr-645x430.jpg 645w, https:\/\/www.snowtrex.fr\/magazine\/files\/2019\/01\/RS4643_shutterstock_233176468-scr-552x368.jpg 552w, https:\/\/www.snowtrex.fr\/magazine\/files\/2019\/01\/RS4643_shutterstock_233176468-scr-405x270.jpg 405w, https:\/\/www.snowtrex.fr\/magazine\/files\/2019\/01\/RS4643_shutterstock_233176468-scr-336x224.jpg 336w, https:\/\/www.snowtrex.fr\/magazine\/files\/2019\/01\/RS4643_shutterstock_233176468-scr-276x184.jpg 276w, https:\/\/www.snowtrex.fr\/magazine\/files\/2019\/01\/RS4643_shutterstock_233176468-scr-234x156.jpg 234w, https:\/\/www.snowtrex.fr\/magazine\/files\/2019\/01\/RS4643_shutterstock_233176468-scr-192x128.jpg 192w, https:\/\/www.snowtrex.fr\/magazine\/files\/2019\/01\/RS4643_shutterstock_233176468-scr-120x80.jpg 120w, https:\/\/www.snowtrex.fr\/magazine\/files\/2019\/01\/RS4643_shutterstock_233176468-scr.jpg 1199w\" sizes=\"(min-width: 1009px) 729px, (min-width: 819px) 594px, (min-width: 569px) 729px, (min-width: 449px) 468px, 348px\" \/><\/a><div class=\"tt-image-copyright\" data-image-id=\"37496\">\u00a9 Krissanapong Wongsawarng\/shutterstock.de<\/div>\n            <\/div>\n            <div class=\"tt-post-caption\">Depuis le Kulmhotel Gornergrat, on jouit d&rsquo;une vue imprenable sur le Cervin.<\/div>\n         <\/div > \n<p>Situ\u00e9 au-dessus de la prestigieuse station de ski, le Kulmhotel Gornergrat se trouve \u00e0 seulement quelques m\u00e8tres plus bas que le Glacier Hotel Grawand et est l\u2019h\u00f4tel le plus haut de Suisse. Le train \u00e0 cr\u00e9maill\u00e8re du Gornergrat au d\u00e9part de Zermatt conduit les clients de l\u2019h\u00f4tel jusqu\u2019\u00e0 l\u2019entr\u00e9e de l\u2019\u00e9tablissement, \u00e0 3 100 m d\u2019altitude. Lorsque le client regarde par la fen\u00eatre de sa chambre confortable, il ne voit que de la glace glaciaire et des rochers, des lambeaux de nuages et un ciel bleu \u2013 ainsi que 29 sommets de plus de 4 000 m\u00e8tres, dont le c\u00e9l\u00e8bre Cervin. Quel panorama ! Ici, cependant, ce n\u2019est pas seulement la vue qui est fascinante, mais l\u2019air est \u00e9galement rar\u00e9fi\u00e9. Une acclimatation ad\u00e9quate est importante et certains doivent s\u2019attendre \u00e0 un sommeil de mauvaise qualit\u00e9 et \u00e0 un app\u00e9tit accru en raison de l\u2019altitude. Ceux que cela ne d\u00e9range pas peuvent passer de superbes vacances dans cet h\u00f4tel trois \u00e9toiles au standing \u00e9lev\u00e9. Au Gornergrat, le domaine skiable Matterhorn ski paradise, avec ses 360 kilom\u00e8tres de pistes, s\u2019\u00e9tend \u00e9galement \u00e0 vos pieds.<\/p>\n<h2 id=\"berghaus-diavolezza-(suisse)\">Berghaus Diavolezza (Suisse)<\/h2>\n<ul>\n<li>Lieu : <a href=\"https:\/\/www.snowtrex.fr\/suisse\/pontresina_saint-moritz\/sejour-ski.html\" target=\"_blank\" rel=\"noopener noreferrer\">Pontresina<\/a><\/li>\n<li>Altitude : 3 000 m<\/li>\n<li>Domaine skiable : Diavolezza-Lagalb<\/li>\n<\/ul>\n<p>Skier dans le massif de la Bernina, dans les Alpes orientales suisses, est d\u00e9j\u00e0 un v\u00e9ritable plaisir en soi. Et lorsque l\u2019on passe la nuit \u00e0 3 000 m d\u2019altitude, le bonheur du skieur est presque parfait. Ici, le \u00ab Teufels K\u00fcche \u00bb sert des sp\u00e9cialit\u00e9s r\u00e9gionales et internationales, et les chambres doubles et \u00e0 plusieurs lits ainsi que les h\u00e9bergements de groupe de l\u2019\u00e9tablissement peuvent accueillir jusqu\u2019\u00e0 180 personnes. Le trajet en t\u00e9l\u00e9ph\u00e9rique de la Diavolezza dure environ 10 minutes, depuis la station aval situ\u00e9e sur la route du col de la Bernina jusqu\u2019\u00e0 l\u2019auberge de montagne. Le restaurant d\u2019altitude propose de superbes \u00e9v\u00e9nements, tels que le d\u00eener au sommet suivi d\u2019une descente au clair de lune. Celle-ci vous emm\u00e8ne vers la vall\u00e9e sur une piste de glacier de 10 km \u00e0 travers l\u2019univers glaciaire insolite des glaciers de Morteratsch et de Pers. Cette piste est la plus longue de ce type en Suisse. Au total, le domaine skiable glaciaire de Diavolezza-Lagalb offre environ 30 km de pistes, toutes balis\u00e9es en rouge ou en noir, ainsi que de beaux itin\u00e9raires de ski de randonn\u00e9e. Un r\u00eave pour les amateurs de neige confirm\u00e9s.<\/p>\n<h2 id=\"wedelh\u00fctte-(autriche)\">Wedelh\u00fctte (Autriche)<\/h2>\n<ul>\n<li>Lieu : <a href=\"https:\/\/www.snowtrex.fr\/autriche\/kaltenbach_ried_stumm\/sejour-ski.html\" target=\"_blank\" rel=\"noopener noreferrer\">Kaltenbach<\/a><\/li>\n<li>Altitude : 2 350 m<\/li>\n<li>Domaine skiable : <a href=\"https:\/\/www.snowtrex.fr\/autriche\/kaltenbach_ried_stumm\/domaine-skiable.html\" target=\"_blank\" rel=\"noopener noreferrer\">Hochzillertal-Hochf\u00fcgen<\/a><\/li>\n<\/ul>\n<p>La Wedelh\u00fctte compte parmi les refuges de ski les plus prestigieux de tout le Zillertal et est \u00e9galement un h\u00f4tel de montagne cinq \u00e9toiles moderne. Avec son nouveau salon Premium et sa Sky Terrazza, sa cuisine gastronomique et la cave \u00e0 vin la plus haute de la r\u00e9gion, elle est synonyme d\u2019une exp\u00e9rience gustative exceptionnelle en montagne. L\u2019\u00e9tablissement dispose au total de onze suites \u00e9quip\u00e9es de cabines infrarouges et de nombreux autres extras. Les amateurs de bien-\u00eatre peuvent se d\u00e9tendre dans le sauna finlandais, le hammam ou le jacuzzi sur la terrasse \u00ab Schneebalkon \u00bb. Dans cet h\u00f4tel situ\u00e9 \u00e0 plus de 2 000 m d\u2019altitude, le luxe est une priorit\u00e9 ; ainsi, toutes les chambres sont d\u00e9sormais \u00e9quip\u00e9es de machines Nespresso. Mais le plus grand atout de ce refuge est sans conteste son emplacement, en plein c\u0153ur du domaine skiable de Hochzillertal-Hochf\u00fcgen. Ce n\u2019est pas un hasard si elle s\u2019appelle la Wedelh\u00fctte : ici, apr\u00e8s le petit-d\u00e9jeuner, on enfile ses skis et on d\u00e9vale imm\u00e9diatement les pistes immacul\u00e9es. Au total, le domaine skiable de Hochzillertal-Hochf\u00fcgen offre environ 90 kilom\u00e8tres de pistes, et dans l\u2019ensemble du <a href=\"https:\/\/www.snowtrex.fr\/autriche\/zillertal\/sejour-ski.html\" target=\"_blank\" rel=\"noopener\">Zillertal<\/a>, ce sont m\u00eame environ 530 km qui sont accessibles avec le Zillertaler Superskipass. Si vous souhaitez ajouter encore plus de luxe \u00e0 tout cela, vous pouvez monter \u00e0 la Wedelh\u00fctte en t\u00e9l\u00e9cabine VIP. Une cabine du Leitner-Lift a \u00e9t\u00e9 am\u00e9nag\u00e9e en collaboration avec BMW et son int\u00e9rieur est con\u00e7u comme le cockpit d\u2019une limousine de luxe pour deux personnes.<\/p>\n<h2 id=\"adler-lounge-(autriche)\">Adler Lounge (Autriche)<\/h2>\n<ul>\n<li>Lieu : <a href=\"https:\/\/www.snowtrex.fr\/autriche\/kals_am_grossglockner\/sejour-ski.html\" target=\"_blank\" rel=\"noopener noreferrer\">Kals am Gro\u00dfglockner<\/a><\/li>\n<li>Altitude : 2 621 m<\/li>\n<li>Domaine skiable : <a href=\"https:\/\/www.snowtrex.fr\/autriche\/kals_am_grossglockner\/domaine-skiable.html\" target=\"_blank\" rel=\"noopener noreferrer\">Gro\u00dfglockner Resort Kals-Matrei<\/a><\/li>\n<\/ul>\n<p>Ce refuge gastronomique situ\u00e9 au pied de la plus haute montagne d&rsquo;Autriche, le Gro\u00dfglockner (3 798 m), s\u00e9duit avant tout par son excellente cuisine. Ce restaurant \u00e9toil\u00e9 sert des plats traditionnels de refuge sous forme de mets raffin\u00e9s. L&rsquo;Adlerhorst n&rsquo;est toutefois pas seulement un refuge pour les skieurs, mais aussi un salon chic qui incarne \u00ab un m\u00e9lange de d\u00e9contraction, de convivialit\u00e9 tyrolienne et de design moderne \u00bb. Avec deux appartements pouvant accueillir chacun six personnes et une chambre pouvant accueillir jusqu&rsquo;\u00e0 quatre personnes, l&rsquo;espace de vie de l&rsquo;h\u00f4tel, situ\u00e9 \u00e0 plus de 2 000 m d&rsquo;altitude, est \u00e0 taille humaine. Mais c&rsquo;est pr\u00e9cis\u00e9ment ce qui rend ce refuge si exclusif. L&rsquo;\u00e9tablissement est situ\u00e9 \u00e0 2 621 m d&rsquo;altitude, \u00e0 une hauteur o\u00f9 l&rsquo;enneigement est garanti. Au total, le domaine skiable du Gro\u00dfglockner Resort Kals-Matrei offre 37 kilom\u00e8tres de pistes et, pour les clients de l&rsquo;h\u00f4tel de montagne, la descente peut commencer juste devant la porte.<\/p>\n","protected":false},"excerpt":{"rendered":"<p>S\u00e9journer au c\u0153ur du domaine skiable, entre les plus hauts sommets des Alpes : un r\u00eave de vacances ! Les h\u00f4tels de montagne les plus \u00e9lev\u00e9s des Alpes le r\u00e9alisent.<\/p>\n","protected":false},"author":176,"featured_media":55858,"comment_status":"closed","ping_status":"closed","sticky":false,"template":"","format":"standard","meta":{"footnotes":""},"categories":[4],"tags":[704,768,708,395,50,699,665,761,848,701,727,711,749,732,764,75,689],"class_list":["post-15956","post","type-post","status-publish","format-standard","has-post-thumbnail","hentry","category-stations-de-ski","tag-autriche","tag-engadin","tag-italie","tag-kals_am_grossglockner","tag-kaltenbach_ried_stumm","tag-les-grisons","tag-maso_corto","tag-matterhorn","tag-pontresina-saint-moritz","tag-suisse","tag-tyrol","tag-tyrol-du-sud","tag-tyrol_oriental","tag-val_senales","tag-valais","tag-zermatt","tag-zillertal"],"yoast_head":"<!-- This site is optimized with the Yoast SEO Premium plugin v27.3 (Yoast SEO v27.3) - https:\/\/yoast.com\/product\/yoast-seo-premium-wordpress\/ -->\n<title>Le bonheur au sommet \u2013 les h\u00f4tels de montagne les plus hauts des Alpes<\/title>\n<meta name=\"description\" content=\"S\u00e9journer tout en haut, au c\u0153ur du domaine skiable : un r\u00eave de vacances. Ces h\u00f4tels de montagne, situ\u00e9s aux sommets des Alpes, le r\u00e9alisent.\" \/>\n<meta name=\"robots\" content=\"index, follow, max-snippet:-1, max-image-preview:large, max-video-preview:-1\" \/>\n<link rel=\"canonical\" href=\"https:\/\/www.snowtrex.fr\/magazine\/stations-de-ski\/les-hotels-de-montagne-les-plus-hauts\/\" \/>\n<meta property=\"og:locale\" content=\"fr_FR\" \/>\n<meta property=\"og:type\" content=\"article\" \/>\n<meta property=\"og:title\" content=\"Les h\u00f4tels de montagne les plus \u00e9lev\u00e9s des Alpes\" \/>\n<meta property=\"og:description\" content=\"S\u00e9journer au c\u0153ur du domaine skiable, entre les plus hauts sommets des Alpes : un r\u00eave de vacances ! Les h\u00f4tels de montagne les plus \u00e9lev\u00e9s des Alpes le r\u00e9alisent.\" \/>\n<meta property=\"og:url\" content=\"https:\/\/www.snowtrex.fr\/magazine\/stations-de-ski\/les-hotels-de-montagne-les-plus-hauts\/\" \/>\n<meta property=\"og:site_name\" content=\"SnowTrex Ski Magazine\" \/>\n<meta property=\"article:publisher\" content=\"https:\/\/www.facebook.com\/SnowTrex.de\/\" \/>\n<meta property=\"article:author\" content=\"https:\/\/www.facebook.com\/snowtrex\/\" \/>\n<meta property=\"article:published_time\" content=\"2026-03-19T07:00:00+00:00\" \/>\n<meta property=\"article:modified_time\" content=\"2026-03-19T09:18:37+00:00\" \/>\n<meta property=\"og:image\" content=\"https:\/\/www.snowtrex.fr\/magazine\/files\/2022\/02\/RS26981_shutterstock_1673544094-scr.jpg\" \/>\n\t<meta property=\"og:image:width\" content=\"1440\" \/>\n\t<meta property=\"og:image:height\" content=\"960\" \/>\n\t<meta property=\"og:image:type\" content=\"image\/jpeg\" \/>\n<meta name=\"author\" content=\"SnowTrex\" \/>\n<meta name=\"twitter:label1\" content=\"\u00c9crit par\" \/>\n\t<meta name=\"twitter:data1\" content=\"SnowTrex\" \/>\n\t<meta name=\"twitter:label2\" content=\"Dur\u00e9e de lecture estim\u00e9e\" \/>\n\t<meta name=\"twitter:data2\" content=\"7 minutes\" \/>\n<script type=\"application\/ld+json\" class=\"yoast-schema-graph\">{\"@context\":\"https:\\\/\\\/schema.org\",\"@graph\":[{\"@type\":\"Article\",\"@id\":\"http:\\\/\\\/wp-magazin.snowtrex.fr\\\/stations-de-ski\\\/les-hotels-de-montagne-les-plus-hauts\\\/#article\",\"isPartOf\":{\"@id\":\"http:\\\/\\\/wp-magazin.snowtrex.fr\\\/stations-de-ski\\\/les-hotels-de-montagne-les-plus-hauts\\\/\"},\"author\":{\"name\":\"SnowTrex\",\"@id\":\"http:\\\/\\\/wp-magazin.snowtrex.fr\\\/#\\\/schema\\\/person\\\/44788d5521abaf7587d53e11859fb827\"},\"headline\":\"Les h\u00f4tels de montagne les plus \u00e9lev\u00e9s des Alpes\",\"datePublished\":\"2026-03-19T07:00:00+00:00\",\"dateModified\":\"2026-03-19T09:18:37+00:00\",\"mainEntityOfPage\":{\"@id\":\"http:\\\/\\\/wp-magazin.snowtrex.fr\\\/stations-de-ski\\\/les-hotels-de-montagne-les-plus-hauts\\\/\"},\"wordCount\":1335,\"publisher\":{\"@id\":\"http:\\\/\\\/wp-magazin.snowtrex.fr\\\/#organization\"},\"image\":{\"@id\":\"http:\\\/\\\/wp-magazin.snowtrex.fr\\\/stations-de-ski\\\/les-hotels-de-montagne-les-plus-hauts\\\/#primaryimage\"},\"thumbnailUrl\":\"http:\\\/\\\/wp-magazin.snowtrex.fr\\\/files\\\/2022\\\/02\\\/RS26981_shutterstock_1673544094-scr.jpg\",\"keywords\":[\"Autriche\",\"Engadin\",\"Italie\",\"Kals am Grossglockner\",\"Kaltenbach - Ried - Stumm\",\"Les Grisons\",\"Maso Corto\",\"Matterhorn\",\"Pontresina (Saint-Moritz)\",\"Suisse\",\"Tyrol\",\"Tyrol du Sud\",\"Tyrol oriental\",\"Val Senales\",\"Valais\",\"Zermatt\",\"Zillertal\"],\"articleSection\":[\"Stations de ski\"],\"inLanguage\":\"fr-FR\"},{\"@type\":\"WebPage\",\"@id\":\"http:\\\/\\\/wp-magazin.snowtrex.fr\\\/stations-de-ski\\\/les-hotels-de-montagne-les-plus-hauts\\\/\",\"url\":\"http:\\\/\\\/wp-magazin.snowtrex.fr\\\/stations-de-ski\\\/les-hotels-de-montagne-les-plus-hauts\\\/\",\"name\":\"Le bonheur au sommet \u2013 les h\u00f4tels de montagne les plus hauts des Alpes\",\"primaryImageOfPage\":{\"@id\":\"http:\\\/\\\/wp-magazin.snowtrex.fr\\\/stations-de-ski\\\/les-hotels-de-montagne-les-plus-hauts\\\/#primaryimage\"},\"image\":{\"@id\":\"http:\\\/\\\/wp-magazin.snowtrex.fr\\\/stations-de-ski\\\/les-hotels-de-montagne-les-plus-hauts\\\/#primaryimage\"},\"thumbnailUrl\":\"http:\\\/\\\/wp-magazin.snowtrex.fr\\\/files\\\/2022\\\/02\\\/RS26981_shutterstock_1673544094-scr.jpg\",\"datePublished\":\"2026-03-19T07:00:00+00:00\",\"dateModified\":\"2026-03-19T09:18:37+00:00\",\"description\":\"S\u00e9journer tout en haut, au c\u0153ur du domaine skiable : un r\u00eave de vacances. Ces h\u00f4tels de montagne, situ\u00e9s aux sommets des Alpes, le r\u00e9alisent.\",\"inLanguage\":\"fr-FR\"},{\"@type\":\"ImageObject\",\"inLanguage\":\"fr-FR\",\"@id\":\"http:\\\/\\\/wp-magazin.snowtrex.fr\\\/stations-de-ski\\\/les-hotels-de-montagne-les-plus-hauts\\\/#primaryimage\",\"url\":\"http:\\\/\\\/wp-magazin.snowtrex.fr\\\/files\\\/2022\\\/02\\\/RS26981_shutterstock_1673544094-scr.jpg\",\"contentUrl\":\"http:\\\/\\\/wp-magazin.snowtrex.fr\\\/files\\\/2022\\\/02\\\/RS26981_shutterstock_1673544094-scr.jpg\",\"width\":1440,\"height\":960},{\"@type\":\"WebSite\",\"@id\":\"http:\\\/\\\/wp-magazin.snowtrex.fr\\\/#website\",\"url\":\"http:\\\/\\\/wp-magazin.snowtrex.fr\\\/\",\"name\":\"SnowTrex Ski Magazine\",\"description\":\"Tout sur le ski, le snowboard et les vacances d&#039;hiver !\",\"publisher\":{\"@id\":\"http:\\\/\\\/wp-magazin.snowtrex.fr\\\/#organization\"},\"inLanguage\":\"fr-FR\"},{\"@type\":\"Organization\",\"@id\":\"http:\\\/\\\/wp-magazin.snowtrex.fr\\\/#organization\",\"name\":\"TravelTrex GmbH\",\"url\":\"http:\\\/\\\/wp-magazin.snowtrex.fr\\\/\",\"logo\":{\"@type\":\"ImageObject\",\"inLanguage\":\"fr-FR\",\"@id\":\"http:\\\/\\\/wp-magazin.snowtrex.fr\\\/#\\\/schema\\\/logo\\\/image\\\/\",\"url\":\"http:\\\/\\\/wp-magazin.snowtrex.fr\\\/files\\\/2025\\\/09\\\/TravelTrex-Logo_RGB_transp.png\",\"contentUrl\":\"http:\\\/\\\/wp-magazin.snowtrex.fr\\\/files\\\/2025\\\/09\\\/TravelTrex-Logo_RGB_transp.png\",\"width\":1080,\"height\":282,\"caption\":\"TravelTrex GmbH\"},\"image\":{\"@id\":\"http:\\\/\\\/wp-magazin.snowtrex.fr\\\/#\\\/schema\\\/logo\\\/image\\\/\"},\"sameAs\":[\"https:\\\/\\\/www.facebook.com\\\/SnowTrex.de\\\/\",\"https:\\\/\\\/www.instagram.com\\\/snowtrex_ski\\\/\"],\"description\":\"Depuis 1999, SnowTrex est le premier voyagiste allemand sp\u00e9cialis\u00e9 dans les vacances au ski. L'entreprise commercialise ses offres en 13 langues et accueille chaque ann\u00e9e plus de 100 000 clients dans des destinations pris\u00e9es telles que l'Autriche, la France, l'Italie, la Suisse et l'Allemagne.\",\"email\":\"info-fr@snowtrex.com\",\"telephone\":\"08 05 22 06 10\",\"legalName\":\"TravelTrex GmbH\",\"foundingDate\":\"1999-07-01\",\"vatID\":\"DE 813 076 768\",\"numberOfEmployees\":{\"@type\":\"QuantitativeValue\",\"minValue\":\"51\",\"maxValue\":\"200\"}},{\"@type\":\"Person\",\"@id\":\"http:\\\/\\\/wp-magazin.snowtrex.fr\\\/#\\\/schema\\\/person\\\/44788d5521abaf7587d53e11859fb827\",\"name\":\"SnowTrex\",\"description\":\"La r\u00e9daction du magazine SnowTrex r\u00e9unit des amateurs de sports d'hiver exp\u00e9riment\u00e9s et des experts en voyages qui mettent leur passion au service d'articles approfondis sur les stations de ski, l'\u00e9quipement et les conseils de voyage. Depuis 1999, SnowTrex est le premier voyagiste allemand sp\u00e9cialis\u00e9 dans les vacances au ski. L'entreprise commercialise ses offres en 13 langues et emm\u00e8ne chaque ann\u00e9e plus de 100 000 clients vers des destinations pris\u00e9es telles que l'Autriche, la France, l'Italie, la Suisse et l'Allemagne.\",\"sameAs\":[\"https:\\\/\\\/www.snowtrex.fr\\\/\",\"https:\\\/\\\/www.facebook.com\\\/snowtrex\\\/\",\"https:\\\/\\\/www.instagram.com\\\/snowtrex_ski\\\/\",\"https:\\\/\\\/www.youtube.com\\\/c\\\/SnowTrex\"]}]}<\/script>\n<!-- \/ Yoast SEO Premium plugin. -->","yoast_head_json":{"title":"Le bonheur au sommet \u2013 les h\u00f4tels de montagne les plus hauts des Alpes","description":"S\u00e9journer tout en haut, au c\u0153ur du domaine skiable : un r\u00eave de vacances. Ces h\u00f4tels de montagne, situ\u00e9s aux sommets des Alpes, le r\u00e9alisent.","robots":{"index":"index","follow":"follow","max-snippet":"max-snippet:-1","max-image-preview":"max-image-preview:large","max-video-preview":"max-video-preview:-1"},"canonical":"https:\/\/www.snowtrex.fr\/magazine\/stations-de-ski\/les-hotels-de-montagne-les-plus-hauts\/","og_locale":"fr_FR","og_type":"article","og_title":"Les h\u00f4tels de montagne les plus \u00e9lev\u00e9s des Alpes","og_description":"S\u00e9journer au c\u0153ur du domaine skiable, entre les plus hauts sommets des Alpes : un r\u00eave de vacances ! Les h\u00f4tels de montagne les plus \u00e9lev\u00e9s des Alpes le r\u00e9alisent.","og_url":"https:\/\/www.snowtrex.fr\/magazine\/stations-de-ski\/les-hotels-de-montagne-les-plus-hauts\/","og_site_name":"SnowTrex Ski Magazine","article_publisher":"https:\/\/www.facebook.com\/SnowTrex.de\/","article_author":"https:\/\/www.facebook.com\/snowtrex\/","article_published_time":"2026-03-19T07:00:00+00:00","article_modified_time":"2026-03-19T09:18:37+00:00","og_image":[{"width":1440,"height":960,"url":"https:\/\/www.snowtrex.fr\/magazine\/files\/2022\/02\/RS26981_shutterstock_1673544094-scr.jpg","type":"image\/jpeg"}],"author":"SnowTrex","twitter_misc":{"\u00c9crit par":"SnowTrex","Dur\u00e9e de lecture estim\u00e9e":"7 minutes"},"schema":{"@context":"https:\/\/schema.org","@graph":[{"@type":"Article","@id":"https:\/\/www.snowtrex.fr\/magazine\/stations-de-ski\/les-hotels-de-montagne-les-plus-hauts\/#article","isPartOf":{"@id":"https:\/\/www.snowtrex.fr\/magazine\/stations-de-ski\/les-hotels-de-montagne-les-plus-hauts\/"},"author":{"name":"SnowTrex","@id":"https:\/\/www.snowtrex.fr\/magazine\/#\/schema\/person\/44788d5521abaf7587d53e11859fb827"},"headline":"Les h\u00f4tels de montagne les plus \u00e9lev\u00e9s des Alpes","datePublished":"2026-03-19T07:00:00+00:00","dateModified":"2026-03-19T09:18:37+00:00","mainEntityOfPage":{"@id":"https:\/\/www.snowtrex.fr\/magazine\/stations-de-ski\/les-hotels-de-montagne-les-plus-hauts\/"},"wordCount":1335,"publisher":{"@id":"https:\/\/www.snowtrex.fr\/magazine\/#organization"},"image":{"@id":"https:\/\/www.snowtrex.fr\/magazine\/stations-de-ski\/les-hotels-de-montagne-les-plus-hauts\/#primaryimage"},"thumbnailUrl":"https:\/\/www.snowtrex.fr\/magazine\/files\/2022\/02\/RS26981_shutterstock_1673544094-scr.jpg","keywords":["Autriche","Engadin","Italie","Kals am Grossglockner","Kaltenbach - Ried - Stumm","Les Grisons","Maso Corto","Matterhorn","Pontresina (Saint-Moritz)","Suisse","Tyrol","Tyrol du Sud","Tyrol oriental","Val Senales","Valais","Zermatt","Zillertal"],"articleSection":["Stations de ski"],"inLanguage":"fr-FR"},{"@type":"WebPage","@id":"https:\/\/www.snowtrex.fr\/magazine\/stations-de-ski\/les-hotels-de-montagne-les-plus-hauts\/","url":"https:\/\/www.snowtrex.fr\/magazine\/stations-de-ski\/les-hotels-de-montagne-les-plus-hauts\/","name":"Le bonheur au sommet \u2013 les h\u00f4tels de montagne les plus hauts des Alpes","primaryImageOfPage":{"@id":"https:\/\/www.snowtrex.fr\/magazine\/stations-de-ski\/les-hotels-de-montagne-les-plus-hauts\/#primaryimage"},"image":{"@id":"https:\/\/www.snowtrex.fr\/magazine\/stations-de-ski\/les-hotels-de-montagne-les-plus-hauts\/#primaryimage"},"thumbnailUrl":"https:\/\/www.snowtrex.fr\/magazine\/files\/2022\/02\/RS26981_shutterstock_1673544094-scr.jpg","datePublished":"2026-03-19T07:00:00+00:00","dateModified":"2026-03-19T09:18:37+00:00","description":"S\u00e9journer tout en haut, au c\u0153ur du domaine skiable : un r\u00eave de vacances. Ces h\u00f4tels de montagne, situ\u00e9s aux sommets des Alpes, le r\u00e9alisent.","inLanguage":"fr-FR"},{"@type":"ImageObject","inLanguage":"fr-FR","@id":"https:\/\/www.snowtrex.fr\/magazine\/stations-de-ski\/les-hotels-de-montagne-les-plus-hauts\/#primaryimage","url":"https:\/\/www.snowtrex.fr\/magazine\/files\/2022\/02\/RS26981_shutterstock_1673544094-scr.jpg","contentUrl":"https:\/\/www.snowtrex.fr\/magazine\/files\/2022\/02\/RS26981_shutterstock_1673544094-scr.jpg","width":1440,"height":960},{"@type":"WebSite","@id":"https:\/\/www.snowtrex.fr\/magazine\/#website","url":"https:\/\/www.snowtrex.fr\/magazine\/","name":"SnowTrex Ski Magazine","description":"Tout sur le ski, le snowboard et les vacances d&#039;hiver !","publisher":{"@id":"https:\/\/www.snowtrex.fr\/magazine\/#organization"},"inLanguage":"fr-FR"},{"@type":"Organization","@id":"https:\/\/www.snowtrex.fr\/magazine\/#organization","name":"TravelTrex GmbH","url":"https:\/\/www.snowtrex.fr\/magazine\/","logo":{"@type":"ImageObject","inLanguage":"fr-FR","@id":"https:\/\/www.snowtrex.fr\/magazine\/#\/schema\/logo\/image\/","url":"https:\/\/www.snowtrex.fr\/magazine\/files\/2025\/09\/TravelTrex-Logo_RGB_transp.png","contentUrl":"https:\/\/www.snowtrex.fr\/magazine\/files\/2025\/09\/TravelTrex-Logo_RGB_transp.png","width":1080,"height":282,"caption":"TravelTrex GmbH"},"image":{"@id":"https:\/\/www.snowtrex.fr\/magazine\/#\/schema\/logo\/image\/"},"sameAs":["https:\/\/www.facebook.com\/SnowTrex.de\/","https:\/\/www.instagram.com\/snowtrex_ski\/"],"description":"Depuis 1999, SnowTrex est le premier voyagiste allemand sp\u00e9cialis\u00e9 dans les vacances au ski. L'entreprise commercialise ses offres en 13 langues et accueille chaque ann\u00e9e plus de 100 000 clients dans des destinations pris\u00e9es telles que l'Autriche, la France, l'Italie, la Suisse et l'Allemagne.","email":"info-fr@snowtrex.com","telephone":"08 05 22 06 10","legalName":"TravelTrex GmbH","foundingDate":"1999-07-01","vatID":"DE 813 076 768","numberOfEmployees":{"@type":"QuantitativeValue","minValue":"51","maxValue":"200"}},{"@type":"Person","@id":"https:\/\/www.snowtrex.fr\/magazine\/#\/schema\/person\/44788d5521abaf7587d53e11859fb827","name":"SnowTrex","description":"La r\u00e9daction du magazine SnowTrex r\u00e9unit des amateurs de sports d'hiver exp\u00e9riment\u00e9s et des experts en voyages qui mettent leur passion au service d'articles approfondis sur les stations de ski, l'\u00e9quipement et les conseils de voyage. Depuis 1999, SnowTrex est le premier voyagiste allemand sp\u00e9cialis\u00e9 dans les vacances au ski. L'entreprise commercialise ses offres en 13 langues et emm\u00e8ne chaque ann\u00e9e plus de 100 000 clients vers des destinations pris\u00e9es telles que l'Autriche, la France, l'Italie, la Suisse et l'Allemagne.","sameAs":["https:\/\/www.snowtrex.fr\/","https:\/\/www.facebook.com\/snowtrex\/","https:\/\/www.instagram.com\/snowtrex_ski\/","https:\/\/www.youtube.com\/c\/SnowTrex"]}]}},"wp-worthy-pixel":{"ignored":false,"public":null,"server":null,"url":null},"wp-worthy-type":"normal","_links":{"self":[{"href":"https:\/\/www.snowtrex.fr\/magazine\/wp-json\/wp\/v2\/posts\/15956","targetHints":{"allow":["GET"]}}],"collection":[{"href":"https:\/\/www.snowtrex.fr\/magazine\/wp-json\/wp\/v2\/posts"}],"about":[{"href":"https:\/\/www.snowtrex.fr\/magazine\/wp-json\/wp\/v2\/types\/post"}],"author":[{"embeddable":true,"href":"https:\/\/www.snowtrex.fr\/magazine\/wp-json\/wp\/v2\/users\/176"}],"replies":[{"embeddable":true,"href":"https:\/\/www.snowtrex.fr\/magazine\/wp-json\/wp\/v2\/comments?post=15956"}],"version-history":[{"count":5,"href":"https:\/\/www.snowtrex.fr\/magazine\/wp-json\/wp\/v2\/posts\/15956\/revisions"}],"predecessor-version":[{"id":64658,"href":"https:\/\/www.snowtrex.fr\/magazine\/wp-json\/wp\/v2\/posts\/15956\/revisions\/64658"}],"wp:featuredmedia":[{"embeddable":true,"href":"https:\/\/www.snowtrex.fr\/magazine\/wp-json\/wp\/v2\/media\/55858"}],"wp:attachment":[{"href":"https:\/\/www.snowtrex.fr\/magazine\/wp-json\/wp\/v2\/media?parent=15956"}],"wp:term":[{"taxonomy":"category","embeddable":true,"href":"https:\/\/www.snowtrex.fr\/magazine\/wp-json\/wp\/v2\/categories?post=15956"},{"taxonomy":"post_tag","embeddable":true,"href":"https:\/\/www.snowtrex.fr\/magazine\/wp-json\/wp\/v2\/tags?post=15956"}],"curies":[{"name":"wp","href":"https:\/\/api.w.org\/{rel}","templated":true}]}}