{"id":256,"date":"2023-02-10T10:12:17","date_gmt":"2023-02-10T09:12:17","guid":{"rendered":"https:\/\/www.snowtrex.fr\/magazine\/?p=256"},"modified":"2025-06-26T14:55:24","modified_gmt":"2025-06-26T12:55:24","slug":"randonnees-hivernales","status":"publish","type":"post","link":"https:\/\/www.snowtrex.fr\/magazine\/top-10\/randonnees-hivernales\/","title":{"rendered":"Les 10 plus belles r\u00e9gions pour faire de la randonn\u00e9e hivernale dans les Alpes"},"content":{"rendered":"<p><strong>Pendant les vacances d&rsquo;hiver, il n&rsquo;est pas toujours n\u00e9cessaire de faire du ski ou du snowboard pour profiter du paysage enneig\u00e9 et l&rsquo;explorer. Il suffit d&rsquo;enfiler des chaussures solides et des v\u00eatements chauds et de partir sur les sentiers de randonn\u00e9e hivernale des Alpes, de monter et de descendre des montagnes, de traverser des prairies, des for\u00eats et des vall\u00e9es en passant par de vieux villages et des cascades gel\u00e9es. <a href=\"https:\/\/www.snowtrex.fr\/\" target=\"_blank\" rel=\"noopener\">SnowTrex<\/a> a rassembl\u00e9 les plus belles r\u00e9gions pour faire de la randonn\u00e9e hivernale dans les Alpes.<\/strong><\/p>\n<div class=\"tt-post-image-wrapper tt-post-image-wrapper-full\">\n            <div class=\"tt-image-copyright-container\">\n                <a href=\"https:\/\/www.snowtrex.fr\/magazine\/files\/2023\/02\/RS5154_shutterstock_441215299-hsc.jpg\" target=\"_blank\" rel=\"noopener\"><img loading=\"lazy\" decoding=\"async\" data-wrapped=\"true\" class=\"wp-image-263 size-Artikelbild_gro\u00df\" title=\"Randonn\u00e9es hivernales dans les Alpes.\" src=\"https:\/\/www.snowtrex.fr\/magazine\/files\/2023\/02\/RS5154_shutterstock_441215299-hsc-729x486.jpg\" alt=\"Randonn\u00e9es hivernales dans les Alpes.\" width=\"729\" height=\"486\" srcset=\"https:\/\/www.snowtrex.fr\/magazine\/files\/2023\/02\/RS5154_shutterstock_441215299-hsc-729x486.jpg 729w, https:\/\/www.snowtrex.fr\/magazine\/files\/2023\/02\/RS5154_shutterstock_441215299-hsc-290x193.jpg 290w, https:\/\/www.snowtrex.fr\/magazine\/files\/2023\/02\/RS5154_shutterstock_441215299-hsc-728x485.jpg 728w, https:\/\/www.snowtrex.fr\/magazine\/files\/2023\/02\/RS5154_shutterstock_441215299-hsc-768x512.jpg 768w, https:\/\/www.snowtrex.fr\/magazine\/files\/2023\/02\/RS5154_shutterstock_441215299-hsc-1536x1024.jpg 1536w, https:\/\/www.snowtrex.fr\/magazine\/files\/2023\/02\/RS5154_shutterstock_441215299-hsc-468x312.jpg 468w, https:\/\/www.snowtrex.fr\/magazine\/files\/2023\/02\/RS5154_shutterstock_441215299-hsc-300x200.jpg 300w, https:\/\/www.snowtrex.fr\/magazine\/files\/2023\/02\/RS5154_shutterstock_441215299-hsc-999x666.jpg 999w, https:\/\/www.snowtrex.fr\/magazine\/files\/2023\/02\/RS5154_shutterstock_441215299-hsc-645x430.jpg 645w, https:\/\/www.snowtrex.fr\/magazine\/files\/2023\/02\/RS5154_shutterstock_441215299-hsc-552x368.jpg 552w, https:\/\/www.snowtrex.fr\/magazine\/files\/2023\/02\/RS5154_shutterstock_441215299-hsc-405x270.jpg 405w, https:\/\/www.snowtrex.fr\/magazine\/files\/2023\/02\/RS5154_shutterstock_441215299-hsc-336x224.jpg 336w, https:\/\/www.snowtrex.fr\/magazine\/files\/2023\/02\/RS5154_shutterstock_441215299-hsc-276x184.jpg 276w, https:\/\/www.snowtrex.fr\/magazine\/files\/2023\/02\/RS5154_shutterstock_441215299-hsc-234x156.jpg 234w, https:\/\/www.snowtrex.fr\/magazine\/files\/2023\/02\/RS5154_shutterstock_441215299-hsc-192x128.jpg 192w, https:\/\/www.snowtrex.fr\/magazine\/files\/2023\/02\/RS5154_shutterstock_441215299-hsc-120x80.jpg 120w, https:\/\/www.snowtrex.fr\/magazine\/files\/2023\/02\/RS5154_shutterstock_441215299-hsc.jpg 1920w\" sizes=\"(min-width: 1009px) 729px, (min-width: 819px) 594px, (min-width: 569px) 729px, (min-width: 449px) 468px, 348px\" \/><\/a><div class=\"tt-image-copyright\" data-image-id=\"263\">\u00a9 frantic00\/shutterstock.de<\/div>\n            <\/div>\n            <div class=\"tt-post-caption\">Randonn\u00e9es hivernales dans les Alpes.<\/div>\n         <\/div > \n<p>\n            <div class=\"tt-table-of-content\">\n                <span class=\"tt-icon-circle-up tt-table-of-content-button\"><\/span>\n                <div class=\"tt-table-of-content-caption\">\n                    Sommaire\n                <\/div>\n                <div class=\"tt-table-of-content-body\">\n                    <a href=\"#randonn\u00e9es-hivernales-dans-l'allg\u00e4u\"><span class=\"layer-0\">Randonn\u00e9es hivernales dans l&rsquo;Allg\u00e4u<\/span><\/a><a href=\"#randonn\u00e9es-hivernales-dans-le-pays-de-berchtesgaden\"><span class=\"layer-0\">Randonn\u00e9es hivernales dans le Pays de Berchtesgaden<\/span><\/a><a href=\"#randonn\u00e9es-hivernales-dans-le-zillertal\"><span class=\"layer-0\">Randonn\u00e9es hivernales dans le Zillertal<\/span><\/a><a href=\"#randonn\u00e9es-hivernales-dans-la-vall\u00e9e-de-gastein\"><span class=\"layer-0\">Randonn\u00e9es hivernales dans la vall\u00e9e de Gastein<\/span><\/a><a href=\"#randonn\u00e9es-hivernales-dans-la-vall\u00e9e-de-salzbourg-saalachtal\"><span class=\"layer-0\">Randonn\u00e9es hivernales dans la vall\u00e9e de Salzbourg Saalachtal<\/span><\/a><a href=\"#randonn\u00e9es-hivernales-sur-le-sonnenplateau-mieming\"><span class=\"layer-0\">Randonn\u00e9es hivernales sur le Sonnenplateau Mieming<\/span><\/a><a href=\"#randonn\u00e9es-hivernales-dans-la-r\u00e9gion-d'achensee\"><span class=\"layer-0\">Randonn\u00e9es hivernales dans la r\u00e9gion d&rsquo;Achensee<\/span><\/a><a href=\"#randonn\u00e9es-hivernales-dans-la-r\u00e9gion-de-fuschlhintersee\"><span class=\"layer-0\">Randonn\u00e9es hivernales dans la r\u00e9gion de Fuschl\/Hintersee<\/span><\/a><a href=\"#randonn\u00e9es-hivernales-dans-la-r\u00e9gion-de-zermatt\"><span class=\"layer-0\">Randonn\u00e9es hivernales dans la r\u00e9gion de Zermatt<\/span><\/a><a href=\"#randonn\u00e9es-hivernales-dans-les-dolomites\"><span class=\"layer-0\">Randonn\u00e9es hivernales dans les Dolomites<\/span><\/a>\n                 <\/div>\n            <\/div>\n            <hr><\/p>\n<h2 id=\"randonn\u00e9es-hivernales-dans-l'allg\u00e4u\">Randonn\u00e9es hivernales dans l&rsquo;Allg\u00e4u<\/h2>\n<p><a href=\"https:\/\/www.snowtrex.fr\/allemagne\/allgaeu_occidental\/sejour_ski.html\" target=\"_blank\" rel=\"noopener\">L&rsquo;Allg\u00e4u<\/a> ne s\u00e9duit pas seulement en \u00e9t\u00e9 par son excellente infrastructure pour les randonneurs. Pendant la saison froide \u00e9galement, de nombreux sentiers de randonn\u00e9e hivernale invitent \u00e0 des balades romantiques. On peut y d\u00e9couvrir les gorges sauvages de Breitach en hiver ou faire un tour paisible dans la neige craquante autour du fabuleux ch\u00e2teau de Neuschwanstein. <a href=\"https:\/\/www.snowtrex.fr\/allemagne\/oberstdorf\/sejour-ski.html\" target=\"_blank\" rel=\"noopener\">Oberstdorf<\/a>, <a href=\"https:\/\/www.snowtrex.fr\/allemagne\/oberstaufen\/sejour-ski.html\" target=\"_blank\" rel=\"noopener\">Oberstaufen<\/a> et <a href=\"https:\/\/www.snowtrex.fr\/allemagne\/fussen\/sejour-ski.html\" target=\"_blank\" rel=\"noopener\">F\u00fcssen<\/a> sont, par exemple, de bons points de d\u00e9part pour les randonn\u00e9es dans la neige.<\/p>\n<div class=\"tt-post-image-wrapper tt-post-image-wrapper-full\">\n            <div class=\"tt-image-copyright-container\">\n                <a href=\"https:\/\/www.snowtrex.fr\/magazine\/files\/2023\/02\/RS26483_shutterstock_1273369138-scr.jpg\" target=\"_blank\" rel=\"noopener\"><img loading=\"lazy\" decoding=\"async\" data-wrapped=\"true\" class=\"wp-image-265 size-Artikelbild_gro\u00df\" title=\"Le ch\u00e2teau de Neuschwanstein est l'une des destinations les plus populaires pour les randonn\u00e9es hivernales dans l'Allg\u00e4u.\" src=\"https:\/\/www.snowtrex.fr\/magazine\/files\/2023\/02\/RS26483_shutterstock_1273369138-scr-729x486.jpg\" alt=\"Le ch\u00e2teau de Neuschwanstein est l'une des destinations les plus populaires pour les randonn\u00e9es hivernales dans l'Allg\u00e4u.\" width=\"729\" height=\"486\" srcset=\"https:\/\/www.snowtrex.fr\/magazine\/files\/2023\/02\/RS26483_shutterstock_1273369138-scr-729x486.jpg 729w, https:\/\/www.snowtrex.fr\/magazine\/files\/2023\/02\/RS26483_shutterstock_1273369138-scr-290x193.jpg 290w, https:\/\/www.snowtrex.fr\/magazine\/files\/2023\/02\/RS26483_shutterstock_1273369138-scr-728x485.jpg 728w, https:\/\/www.snowtrex.fr\/magazine\/files\/2023\/02\/RS26483_shutterstock_1273369138-scr-768x512.jpg 768w, https:\/\/www.snowtrex.fr\/magazine\/files\/2023\/02\/RS26483_shutterstock_1273369138-scr-468x312.jpg 468w, https:\/\/www.snowtrex.fr\/magazine\/files\/2023\/02\/RS26483_shutterstock_1273369138-scr-300x200.jpg 300w, https:\/\/www.snowtrex.fr\/magazine\/files\/2023\/02\/RS26483_shutterstock_1273369138-scr-999x666.jpg 999w, https:\/\/www.snowtrex.fr\/magazine\/files\/2023\/02\/RS26483_shutterstock_1273369138-scr-645x430.jpg 645w, https:\/\/www.snowtrex.fr\/magazine\/files\/2023\/02\/RS26483_shutterstock_1273369138-scr-552x368.jpg 552w, https:\/\/www.snowtrex.fr\/magazine\/files\/2023\/02\/RS26483_shutterstock_1273369138-scr-405x270.jpg 405w, https:\/\/www.snowtrex.fr\/magazine\/files\/2023\/02\/RS26483_shutterstock_1273369138-scr-336x224.jpg 336w, https:\/\/www.snowtrex.fr\/magazine\/files\/2023\/02\/RS26483_shutterstock_1273369138-scr-276x184.jpg 276w, https:\/\/www.snowtrex.fr\/magazine\/files\/2023\/02\/RS26483_shutterstock_1273369138-scr-234x156.jpg 234w, https:\/\/www.snowtrex.fr\/magazine\/files\/2023\/02\/RS26483_shutterstock_1273369138-scr-192x128.jpg 192w, https:\/\/www.snowtrex.fr\/magazine\/files\/2023\/02\/RS26483_shutterstock_1273369138-scr-120x80.jpg 120w, https:\/\/www.snowtrex.fr\/magazine\/files\/2023\/02\/RS26483_shutterstock_1273369138-scr.jpg 1440w\" sizes=\"(min-width: 1009px) 729px, (min-width: 819px) 594px, (min-width: 569px) 729px, (min-width: 449px) 468px, 348px\" \/><\/a><div class=\"tt-image-copyright\" data-image-id=\"265\">\u00a9 Salvador Maniquiz\/Shutterstock<\/div>\n            <\/div>\n            <div class=\"tt-post-caption\">Le ch\u00e2teau de Neuschwanstein est l&rsquo;une des destinations les plus populaires pour les randonn\u00e9es hivernales dans l&rsquo;Allg\u00e4u.<\/div>\n         <\/div > \n<h2 id=\"randonn\u00e9es-hivernales-dans-le-pays-de-berchtesgaden\">Randonn\u00e9es hivernales dans le Pays de Berchtesgaden<\/h2>\n<p>Le <a href=\"https:\/\/www.snowtrex.fr\/allemagne\/pays_de_berchtesgaden\/sejour_ski.html\" target=\"_blank\" rel=\"noopener\">Pays de Berchtesgaden<\/a> est connue pour ses montagnes idylliques, dont la magie op\u00e8re particuli\u00e8rement en hiver enneig\u00e9. Nich\u00e9 dans le parc national de Berchtesgaden, le lac K\u00f6nigssee offre un panorama parfait pour une longue randonn\u00e9e hivernale. La vall\u00e9e idyllique de Klausbach ou la petite ville pittoresque de <a href=\"https:\/\/www.snowtrex.fr\/allemagne\/schonau_am_konigssee\/sejour-ski.html\" target=\"_blank\" rel=\"noopener\">Sch\u00f6nau<\/a> invitent \u00e9galement \u00e0 des randonn\u00e9es et des promenades hivernales. L&rsquo;itin\u00e9raire partant de <a href=\"https:\/\/www.snowtrex.fr\/allemagne\/ramsau\/sejour-ski.html\" target=\"_blank\" rel=\"noopener\">Ramsau<\/a> et traversant la for\u00eat magique jusqu&rsquo;au lac Hintersee est \u00e9galement particuli\u00e8rement recommand\u00e9.<\/p>\n<div class=\"tt-post-image-wrapper tt-post-image-wrapper-full\">\n            <div class=\"tt-image-copyright-container\">\n                <a href=\"https:\/\/www.snowtrex.fr\/magazine\/files\/2023\/02\/RS4895_shutterstock_303282779-scr.jpg\" target=\"_blank\" rel=\"noopener\"><img loading=\"lazy\" decoding=\"async\" data-wrapped=\"true\" class=\"wp-image-266 size-Artikelbild_gro\u00df\" title=\"Le c\u00e9l\u00e8bre Watzmann dans les Alpes de Berchtesgaden.\" src=\"https:\/\/www.snowtrex.fr\/magazine\/files\/2023\/02\/RS4895_shutterstock_303282779-scr-729x486.jpg\" alt=\"Le c\u00e9l\u00e8bre Watzmann dans les Alpes de Berchtesgaden.\" width=\"729\" height=\"486\" srcset=\"https:\/\/www.snowtrex.fr\/magazine\/files\/2023\/02\/RS4895_shutterstock_303282779-scr-729x486.jpg 729w, https:\/\/www.snowtrex.fr\/magazine\/files\/2023\/02\/RS4895_shutterstock_303282779-scr-468x312.jpg 468w, https:\/\/www.snowtrex.fr\/magazine\/files\/2023\/02\/RS4895_shutterstock_303282779-scr-300x200.jpg 300w, https:\/\/www.snowtrex.fr\/magazine\/files\/2023\/02\/RS4895_shutterstock_303282779-scr-999x666.jpg 999w, https:\/\/www.snowtrex.fr\/magazine\/files\/2023\/02\/RS4895_shutterstock_303282779-scr-645x430.jpg 645w, https:\/\/www.snowtrex.fr\/magazine\/files\/2023\/02\/RS4895_shutterstock_303282779-scr-552x368.jpg 552w, https:\/\/www.snowtrex.fr\/magazine\/files\/2023\/02\/RS4895_shutterstock_303282779-scr-405x270.jpg 405w, https:\/\/www.snowtrex.fr\/magazine\/files\/2023\/02\/RS4895_shutterstock_303282779-scr-336x224.jpg 336w, https:\/\/www.snowtrex.fr\/magazine\/files\/2023\/02\/RS4895_shutterstock_303282779-scr-276x184.jpg 276w, https:\/\/www.snowtrex.fr\/magazine\/files\/2023\/02\/RS4895_shutterstock_303282779-scr-234x156.jpg 234w, https:\/\/www.snowtrex.fr\/magazine\/files\/2023\/02\/RS4895_shutterstock_303282779-scr-192x128.jpg 192w, https:\/\/www.snowtrex.fr\/magazine\/files\/2023\/02\/RS4895_shutterstock_303282779-scr-120x80.jpg 120w\" sizes=\"(min-width: 1009px) 729px, (min-width: 819px) 594px, (min-width: 569px) 729px, (min-width: 449px) 468px, 348px\" \/><\/a><div class=\"tt-image-copyright\" data-image-id=\"266\">\u00a9 canadastock\/shutterstock.de<\/div>\n            <\/div>\n            <div class=\"tt-post-caption\">Le c\u00e9l\u00e8bre Watzmann dans les Alpes de Berchtesgaden.<\/div>\n         <\/div > \n<h2 id=\"randonn\u00e9es-hivernales-dans-le-zillertal\">Randonn\u00e9es hivernales dans le Zillertal<\/h2>\n<p>Dans la \u00ab vall\u00e9e la plus active des Alpes \u00bb, tout ne tourne pas autour du ski. D&rsquo;autres activit\u00e9s hivernales sont \u00e9galement propos\u00e9es. Ainsi, un large choix de sentiers de randonn\u00e9e hivernale s&rsquo;offre \u00e0 vous. Qu&rsquo;il s&rsquo;agisse de villages enneig\u00e9s, de cascades ou de glaciers, il existe ici un sentier de randonn\u00e9e hivernale adapt\u00e9 aux randonneurs de tous niveaux. Les randonneurs exp\u00e9riment\u00e9s peuvent, par exemple, se diriger vers <a href=\"https:\/\/www.snowtrex.fr\/autriche\/hochfugen\/sejour-ski.html\" target=\"_blank\" rel=\"noopener\">Hochf\u00fcgen<\/a>, tandis que les \u00e9picuriens peuvent fl\u00e2ner de mani\u00e8re idyllique sur la promenade hivernale du Ziller. Les sentiers de randonn\u00e9e de la vall\u00e9e du <a href=\"https:\/\/www.snowtrex.fr\/autriche\/zillertal\/sejour-ski.html\" target=\"_blank\" rel=\"noopener\">Zillertal<\/a> sont bien balis\u00e9s et en parfait \u00e9tat.<\/p>\n<div class=\"tt-post-image-wrapper tt-post-image-wrapper-full\">\n            <div class=\"tt-image-copyright-container\">\n                <a href=\"https:\/\/www.snowtrex.fr\/magazine\/files\/2023\/02\/RS16574_shutterstock_114116728-bearbeitet-scr.jpg\" target=\"_blank\" rel=\"noopener\"><img loading=\"lazy\" decoding=\"async\" data-wrapped=\"true\" class=\"wp-image-268 size-Artikelbild_gro\u00df\" title=\"La vall\u00e9e du Zillertal offre de nombreux itin\u00e9raires diff\u00e9rents pour les randonn\u00e9es hivernales, que ce soit en haut de la montagne ou en bas dans la vall\u00e9e.\" src=\"https:\/\/www.snowtrex.fr\/magazine\/files\/2023\/02\/RS16574_shutterstock_114116728-bearbeitet-scr-729x486.jpg\" alt=\"La vall\u00e9e du Zillertal offre de nombreux itin\u00e9raires diff\u00e9rents pour les randonn\u00e9es hivernales, que ce soit en haut de la montagne ou en bas dans la vall\u00e9e.\" width=\"729\" height=\"486\" srcset=\"https:\/\/www.snowtrex.fr\/magazine\/files\/2023\/02\/RS16574_shutterstock_114116728-bearbeitet-scr-729x486.jpg 729w, https:\/\/www.snowtrex.fr\/magazine\/files\/2023\/02\/RS16574_shutterstock_114116728-bearbeitet-scr-290x193.jpg 290w, https:\/\/www.snowtrex.fr\/magazine\/files\/2023\/02\/RS16574_shutterstock_114116728-bearbeitet-scr-728x485.jpg 728w, https:\/\/www.snowtrex.fr\/magazine\/files\/2023\/02\/RS16574_shutterstock_114116728-bearbeitet-scr-768x512.jpg 768w, https:\/\/www.snowtrex.fr\/magazine\/files\/2023\/02\/RS16574_shutterstock_114116728-bearbeitet-scr-468x312.jpg 468w, https:\/\/www.snowtrex.fr\/magazine\/files\/2023\/02\/RS16574_shutterstock_114116728-bearbeitet-scr-300x200.jpg 300w, https:\/\/www.snowtrex.fr\/magazine\/files\/2023\/02\/RS16574_shutterstock_114116728-bearbeitet-scr-999x666.jpg 999w, https:\/\/www.snowtrex.fr\/magazine\/files\/2023\/02\/RS16574_shutterstock_114116728-bearbeitet-scr-645x430.jpg 645w, https:\/\/www.snowtrex.fr\/magazine\/files\/2023\/02\/RS16574_shutterstock_114116728-bearbeitet-scr-552x368.jpg 552w, https:\/\/www.snowtrex.fr\/magazine\/files\/2023\/02\/RS16574_shutterstock_114116728-bearbeitet-scr-405x270.jpg 405w, https:\/\/www.snowtrex.fr\/magazine\/files\/2023\/02\/RS16574_shutterstock_114116728-bearbeitet-scr-336x224.jpg 336w, https:\/\/www.snowtrex.fr\/magazine\/files\/2023\/02\/RS16574_shutterstock_114116728-bearbeitet-scr-276x184.jpg 276w, https:\/\/www.snowtrex.fr\/magazine\/files\/2023\/02\/RS16574_shutterstock_114116728-bearbeitet-scr-234x156.jpg 234w, https:\/\/www.snowtrex.fr\/magazine\/files\/2023\/02\/RS16574_shutterstock_114116728-bearbeitet-scr-192x128.jpg 192w, https:\/\/www.snowtrex.fr\/magazine\/files\/2023\/02\/RS16574_shutterstock_114116728-bearbeitet-scr-120x80.jpg 120w, https:\/\/www.snowtrex.fr\/magazine\/files\/2023\/02\/RS16574_shutterstock_114116728-bearbeitet-scr.jpg 1440w\" sizes=\"(min-width: 1009px) 729px, (min-width: 819px) 594px, (min-width: 569px) 729px, (min-width: 449px) 468px, 348px\" \/><\/a><div class=\"tt-image-copyright\" data-image-id=\"268\">\u00a9 My Good Images\/shutterstock.de<\/div>\n            <\/div>\n            <div class=\"tt-post-caption\">La vall\u00e9e du Zillertal offre de nombreux itin\u00e9raires diff\u00e9rents pour les randonn\u00e9es hivernales, que ce soit en haut de la montagne ou en bas dans la vall\u00e9e.<\/div>\n         <\/div > \n<h2 id=\"randonn\u00e9es-hivernales-dans-la-vall\u00e9e-de-gastein\">Randonn\u00e9es hivernales dans la vall\u00e9e de Gastein<\/h2>\n<p>La <a href=\"https:\/\/www.snowtrex.fr\/autriche\/gasteiner_tal\/sejour_ski.html\" target=\"_blank\" rel=\"noopener\">vall\u00e9e de Gastein<\/a>, dans le Pays de Salzbourg, est connue bien au-del\u00e0 des fronti\u00e8res autrichiennes comme un lieu de convalescence. Le chef-lieu, <a href=\"https:\/\/www.snowtrex.fr\/autriche\/bad_gastein\/sejour-ski.html\" target=\"_blank\" rel=\"noopener\">Bad Gastein<\/a>, abrite de nombreux h\u00f4tels de cure et de bien-\u00eatre, car les sources thermales de Bad Gastein attirent depuis le Moyen \u00c2ge les personnes en qu\u00eate de repos. Outre sa r\u00e9putation de station thermale, Bad Gastein est \u00e9galement une importante station de sports d&rsquo;hiver. La vall\u00e9e de Gastein est \u00e9galement pr\u00e9destin\u00e9e aux randonn\u00e9es hivernales reposantes dans le pittoresque paysage enneig\u00e9. Que ce soit le long de la promenade d&rsquo;Achen ou dans la haute vall\u00e9e de Sportgastein, les sentiers de randonn\u00e9e sont l\u00e9gion !<\/p>\n<div class=\"tt-post-image-wrapper tt-post-image-wrapper-full\">\n            <div class=\"tt-image-copyright-container\">\n                <a href=\"https:\/\/www.snowtrex.fr\/magazine\/files\/2023\/02\/RS13379_IMG_0248-bearbeitet-scr.jpg\" target=\"_blank\" rel=\"noopener\"><img loading=\"lazy\" decoding=\"async\" data-wrapped=\"true\" class=\"wp-image-269 size-Artikelbild_gro\u00df\" title=\"Le pont suspendu de Stubnerkogel \u00e0 Bad Gastein est une destination \u00e0 couper le souffle pour tous ceux qui n'ont pas le vertige.\" src=\"https:\/\/www.snowtrex.fr\/magazine\/files\/2023\/02\/RS13379_IMG_0248-bearbeitet-scr-729x486.jpg\" alt=\"Le pont suspendu de Stubnerkogel \u00e0 Bad Gastein est une destination \u00e0 couper le souffle pour tous ceux qui n'ont pas le vertige.\" width=\"729\" height=\"486\" srcset=\"https:\/\/www.snowtrex.fr\/magazine\/files\/2023\/02\/RS13379_IMG_0248-bearbeitet-scr-729x486.jpg 729w, https:\/\/www.snowtrex.fr\/magazine\/files\/2023\/02\/RS13379_IMG_0248-bearbeitet-scr-468x312.jpg 468w, https:\/\/www.snowtrex.fr\/magazine\/files\/2023\/02\/RS13379_IMG_0248-bearbeitet-scr-300x200.jpg 300w, https:\/\/www.snowtrex.fr\/magazine\/files\/2023\/02\/RS13379_IMG_0248-bearbeitet-scr-999x666.jpg 999w, https:\/\/www.snowtrex.fr\/magazine\/files\/2023\/02\/RS13379_IMG_0248-bearbeitet-scr-645x430.jpg 645w, https:\/\/www.snowtrex.fr\/magazine\/files\/2023\/02\/RS13379_IMG_0248-bearbeitet-scr-552x368.jpg 552w, https:\/\/www.snowtrex.fr\/magazine\/files\/2023\/02\/RS13379_IMG_0248-bearbeitet-scr-405x270.jpg 405w, https:\/\/www.snowtrex.fr\/magazine\/files\/2023\/02\/RS13379_IMG_0248-bearbeitet-scr-336x224.jpg 336w, https:\/\/www.snowtrex.fr\/magazine\/files\/2023\/02\/RS13379_IMG_0248-bearbeitet-scr-276x184.jpg 276w, https:\/\/www.snowtrex.fr\/magazine\/files\/2023\/02\/RS13379_IMG_0248-bearbeitet-scr-234x156.jpg 234w, https:\/\/www.snowtrex.fr\/magazine\/files\/2023\/02\/RS13379_IMG_0248-bearbeitet-scr-192x128.jpg 192w, https:\/\/www.snowtrex.fr\/magazine\/files\/2023\/02\/RS13379_IMG_0248-bearbeitet-scr-120x80.jpg 120w\" sizes=\"(min-width: 1009px) 729px, (min-width: 819px) 594px, (min-width: 569px) 729px, (min-width: 449px) 468px, 348px\" \/><\/a><div class=\"tt-image-copyright\" data-image-id=\"269\">\u00a9 TravelTrex<\/div>\n            <\/div>\n            <div class=\"tt-post-caption\">Le pont suspendu de Stubnerkogel \u00e0 Bad Gastein est une destination \u00e0 couper le souffle pour tous ceux qui n&rsquo;ont pas le vertige.<\/div>\n         <\/div > \n<h2 id=\"randonn\u00e9es-hivernales-dans-la-vall\u00e9e-de-salzbourg-saalachtal\">Randonn\u00e9es hivernales dans la vall\u00e9e de Salzbourg Saalachtal<\/h2>\n<p>La vall\u00e9e de Salzbourg Saalachtal est un v\u00e9ritable secret pour les randonneurs hivernaux. Que ce soit s\u00fbr des sentiers de randonn\u00e9e d\u00e9gag\u00e9s ou \u00e0 travers champs avec des raquettes, il y a beaucoup \u00e0 d\u00e9couvrir. Les sentiers de randonn\u00e9e sont adapt\u00e9s aux familles, avec des possibilit\u00e9s de s&rsquo;asseoir et de nombreux refuges et auberges pour faire une pause. Dans les magasins de sport et la plupart des h\u00e9bergements, il est possible de louer des luges pour enfants \u00e0 un prix avantageux et des randonn\u00e9es nocturnes aux flambeaux peuvent \u00e9galement \u00eatre propos\u00e9es. Pour ceux qui souhaitent prendre de la hauteur, l&rsquo;alpage de <a href=\"https:\/\/www.snowtrex.fr\/autriche\/lofer\/sejour-ski.html\" target=\"_blank\" rel=\"noopener\">Lofer<\/a> offre des sentiers de randonn\u00e9e de r\u00eave \u00e0 une altitude d&rsquo;environ 1 400 m\u00e8tres. Ceux qui sont d\u00e9j\u00e0 l\u00e0 feront volontiers une excursion d&rsquo;une journ\u00e9e dans la ville enneig\u00e9e de Mozart, Salzbourg.<\/p>\n<h2 id=\"randonn\u00e9es-hivernales-sur-le-sonnenplateau-mieming\">Randonn\u00e9es hivernales sur le Sonnenplateau Mieming<\/h2>\n<p>Le Sonnenplateau <a href=\"https:\/\/www.snowtrex.fr\/autriche\/mieming\/sejour-ski.html\" target=\"_blank\" rel=\"noopener\">Mieming<\/a> est un haut plateau situ\u00e9 \u00e0 1 000 m d&rsquo;altitude en bordure de la vall\u00e9e de l&rsquo;Inn. En hiver, la cha\u00eene de montagne de Mieming surplombe le plateau de mani\u00e8re imposante. Un d\u00e9cor qui fascine chaque ann\u00e9e les randonneurs hivernaux. Sur le plateau ensoleill\u00e9, l&rsquo;hiver se montre sous son jour le plus agr\u00e9able. Des sentiers de randonn\u00e9e hivernale de diff\u00e9rents niveaux de difficult\u00e9 et des buts d&rsquo;excursion idylliques comme le ch\u00e2teau de Burg Klamm et la cascade toute proche vous attendent ici. Les randonneurs exp\u00e9riment\u00e9s devraient absolument entreprendre la randonn\u00e9e d&rsquo;environ 2,5 h d&rsquo;Obsteig jusqu&rsquo;\u00e0 Lehnberghaus o\u00f9 il est m\u00eame possible de louer des luges pour la descente.<\/p>\n<h2 id=\"randonn\u00e9es-hivernales-dans-la-r\u00e9gion-d'achensee\">Randonn\u00e9es hivernales dans la r\u00e9gion d&rsquo;Achensee<\/h2>\n<p>Au nord du Tyrol, non loin de la fronti\u00e8re allemande, se trouve le pittoresque lac <a href=\"https:\/\/www.snowtrex.fr\/autriche\/achensee\/sejour_ski.html\" target=\"_blank\" rel=\"noopener\">d&rsquo;Achensee<\/a>. Les villages <a href=\"https:\/\/www.snowtrex.fr\/autriche\/achenkirch\/sejour-ski.html\" target=\"_blank\" rel=\"noopener\">d&rsquo;Achenkirch<\/a>, <a href=\"https:\/\/www.snowtrex.fr\/autriche\/pertisau\/sejour-ski.html\" target=\"_blank\" rel=\"noopener\">Pertisau<\/a> et <a href=\"https:\/\/www.snowtrex.fr\/autriche\/maurach\/sejour-ski.html\" target=\"_blank\" rel=\"noopener\">Maurach<\/a> sont des points de d\u00e9part id\u00e9aux pour des randonn\u00e9es hivernales romantiques dans le paysage enneig\u00e9. Au total, il existe pr\u00e8s de 150 km de sentiers de randonn\u00e9e hivernale autour du lac d&rsquo;Achensee. Les nombreuses petites vall\u00e9es, par exemple, la vall\u00e9e d&rsquo;Unterau, sont particuli\u00e8rement appr\u00e9ci\u00e9es des randonneurs hivernaux. Il vaut \u00e9galement la peine de faire un d\u00e9tour par la petite cascade de Stod. En hiver, celle-ci est g\u00e9n\u00e9ralement gel\u00e9e et ses \u00e9tranges formations de glace suscitent l&rsquo;enthousiasme. Pour ceux qui souhaitent prendre de la hauteur, le sentier de randonn\u00e9e d&rsquo;altitude du Rofan est incontournable. Ce circuit d&rsquo;environ 1,6 km se trouve \u00e0 pr\u00e8s de 1 800 m d&rsquo;altitude et son point de d\u00e9part est la station sup\u00e9rieure de la remont\u00e9e m\u00e9canique du Rofan.<\/p>\n<div class=\"tt-post-image-wrapper tt-post-image-wrapper-full\">\n            <div class=\"tt-image-copyright-container\">\n                <a href=\"https:\/\/www.snowtrex.fr\/magazine\/files\/2023\/02\/RS26501_shutterstock_330409430-scr.jpg\" target=\"_blank\" rel=\"noopener\"><img loading=\"lazy\" decoding=\"async\" data-wrapped=\"true\" class=\"wp-image-271 size-Artikelbild_gro\u00df\" title=\"Le lac Achensee, scintillant sous le soleil, offre un panorama particuli\u00e8rement romantique pour les randonn\u00e9es hivernales.\" src=\"https:\/\/www.snowtrex.fr\/magazine\/files\/2023\/02\/RS26501_shutterstock_330409430-scr-729x486.jpg\" alt=\"Le lac Achensee, scintillant sous le soleil, offre un panorama particuli\u00e8rement romantique pour les randonn\u00e9es hivernales.\" width=\"729\" height=\"486\" srcset=\"https:\/\/www.snowtrex.fr\/magazine\/files\/2023\/02\/RS26501_shutterstock_330409430-scr-729x486.jpg 729w, https:\/\/www.snowtrex.fr\/magazine\/files\/2023\/02\/RS26501_shutterstock_330409430-scr-290x193.jpg 290w, https:\/\/www.snowtrex.fr\/magazine\/files\/2023\/02\/RS26501_shutterstock_330409430-scr-728x485.jpg 728w, https:\/\/www.snowtrex.fr\/magazine\/files\/2023\/02\/RS26501_shutterstock_330409430-scr-768x512.jpg 768w, https:\/\/www.snowtrex.fr\/magazine\/files\/2023\/02\/RS26501_shutterstock_330409430-scr-468x312.jpg 468w, https:\/\/www.snowtrex.fr\/magazine\/files\/2023\/02\/RS26501_shutterstock_330409430-scr-300x200.jpg 300w, https:\/\/www.snowtrex.fr\/magazine\/files\/2023\/02\/RS26501_shutterstock_330409430-scr-999x666.jpg 999w, https:\/\/www.snowtrex.fr\/magazine\/files\/2023\/02\/RS26501_shutterstock_330409430-scr-645x430.jpg 645w, https:\/\/www.snowtrex.fr\/magazine\/files\/2023\/02\/RS26501_shutterstock_330409430-scr-552x368.jpg 552w, https:\/\/www.snowtrex.fr\/magazine\/files\/2023\/02\/RS26501_shutterstock_330409430-scr-405x270.jpg 405w, https:\/\/www.snowtrex.fr\/magazine\/files\/2023\/02\/RS26501_shutterstock_330409430-scr-336x224.jpg 336w, https:\/\/www.snowtrex.fr\/magazine\/files\/2023\/02\/RS26501_shutterstock_330409430-scr-276x184.jpg 276w, https:\/\/www.snowtrex.fr\/magazine\/files\/2023\/02\/RS26501_shutterstock_330409430-scr-234x156.jpg 234w, https:\/\/www.snowtrex.fr\/magazine\/files\/2023\/02\/RS26501_shutterstock_330409430-scr-192x128.jpg 192w, https:\/\/www.snowtrex.fr\/magazine\/files\/2023\/02\/RS26501_shutterstock_330409430-scr-120x80.jpg 120w, https:\/\/www.snowtrex.fr\/magazine\/files\/2023\/02\/RS26501_shutterstock_330409430-scr.jpg 1440w\" sizes=\"(min-width: 1009px) 729px, (min-width: 819px) 594px, (min-width: 569px) 729px, (min-width: 449px) 468px, 348px\" \/><\/a><div class=\"tt-image-copyright\" data-image-id=\"271\">\u00a9 anitasstudio\/Shutterstock<\/div>\n            <\/div>\n            <div class=\"tt-post-caption\">Le lac Achensee, scintillant sous le soleil, offre un panorama particuli\u00e8rement romantique pour les randonn\u00e9es hivernales.<\/div>\n         <\/div > \n<h2 id=\"randonn\u00e9es-hivernales-dans-la-r\u00e9gion-de-fuschlhintersee\">Randonn\u00e9es hivernales dans la r\u00e9gion de Fuschl\/Hintersee<\/h2>\n<p>Les nombreux lacs \u00e0 l&rsquo;est de Salzbourg sont une destination appr\u00e9ci\u00e9e en toute saison. C&rsquo;est surtout en hiver que la r\u00e9gion autour de <a href=\"https:\/\/www.snowtrex.fr\/autriche\/fuschl_am_see\/sejour-ski.html\" target=\"_blank\" rel=\"noopener\">Fuschl<\/a> et Hintersee d\u00e9ploie tout son charme. Qu&rsquo;y a-t-il de plus beau que de se promener au bord du lac lorsque le manteau neigeux est tomb\u00e9 et que le soleil brille ? On est surpris par la quantit\u00e9 de nature \u00e0 d\u00e9couvrir, m\u00eame au coeur de l&rsquo;hiver. Une excursion sur l&rsquo;un des nombreux sentiers panoramiques de la r\u00e9gion ou au \u00ab\u00a0Felsenbad\u00a0\u00bb pr\u00e8s de <a href=\"https:\/\/www.snowtrex.fr\/autriche\/faistenau\/sejour-ski.html\" target=\"_blank\" rel=\"noopener\">Faistenau<\/a> est particuli\u00e8rement recommand\u00e9e. Si, apr\u00e8s une mont\u00e9e fatigante, vous vous r\u00e9jouissez d&rsquo;une descente rapide, faites un d\u00e9tour par la Schlitt&rsquo;n Hittn. Une fois arriv\u00e9 en haut, il est possible de louer des luges pour une somme modique et de les rendre en bas.<\/p>\n<div class=\"tt-post-image-wrapper tt-post-image-wrapper-full\">\n            <div class=\"tt-image-copyright-container\">\n                <a href=\"https:\/\/www.snowtrex.fr\/magazine\/files\/2023\/02\/RS26506_shutterstock_774684607-scr.jpg\" target=\"_blank\" rel=\"noopener\"><img loading=\"lazy\" decoding=\"async\" data-wrapped=\"true\" class=\"wp-image-272 size-Artikelbild_gro\u00df\" title=\"La paisible commune de Faistenau constitue un point de d\u00e9part id\u00e9al pour entreprendre, par exemple, des randonn\u00e9es au bord du lac de Fuschl.\" src=\"https:\/\/www.snowtrex.fr\/magazine\/files\/2023\/02\/RS26506_shutterstock_774684607-scr-729x486.jpg\" alt=\"La paisible commune de Faistenau constitue un point de d\u00e9part id\u00e9al pour entreprendre, par exemple, des randonn\u00e9es au bord du lac de Fuschl.\" width=\"729\" height=\"486\" srcset=\"https:\/\/www.snowtrex.fr\/magazine\/files\/2023\/02\/RS26506_shutterstock_774684607-scr-729x486.jpg 729w, https:\/\/www.snowtrex.fr\/magazine\/files\/2023\/02\/RS26506_shutterstock_774684607-scr-468x312.jpg 468w, https:\/\/www.snowtrex.fr\/magazine\/files\/2023\/02\/RS26506_shutterstock_774684607-scr-300x200.jpg 300w, https:\/\/www.snowtrex.fr\/magazine\/files\/2023\/02\/RS26506_shutterstock_774684607-scr-999x666.jpg 999w, https:\/\/www.snowtrex.fr\/magazine\/files\/2023\/02\/RS26506_shutterstock_774684607-scr-645x430.jpg 645w, https:\/\/www.snowtrex.fr\/magazine\/files\/2023\/02\/RS26506_shutterstock_774684607-scr-552x368.jpg 552w, https:\/\/www.snowtrex.fr\/magazine\/files\/2023\/02\/RS26506_shutterstock_774684607-scr-405x270.jpg 405w, https:\/\/www.snowtrex.fr\/magazine\/files\/2023\/02\/RS26506_shutterstock_774684607-scr-336x224.jpg 336w, https:\/\/www.snowtrex.fr\/magazine\/files\/2023\/02\/RS26506_shutterstock_774684607-scr-276x184.jpg 276w, https:\/\/www.snowtrex.fr\/magazine\/files\/2023\/02\/RS26506_shutterstock_774684607-scr-234x156.jpg 234w, https:\/\/www.snowtrex.fr\/magazine\/files\/2023\/02\/RS26506_shutterstock_774684607-scr-192x128.jpg 192w, https:\/\/www.snowtrex.fr\/magazine\/files\/2023\/02\/RS26506_shutterstock_774684607-scr-120x80.jpg 120w\" sizes=\"(min-width: 1009px) 729px, (min-width: 819px) 594px, (min-width: 569px) 729px, (min-width: 449px) 468px, 348px\" \/><\/a><div class=\"tt-image-copyright\" data-image-id=\"272\">\u00a9 alpinenature\/Shutterstock<\/div>\n            <\/div>\n            <div class=\"tt-post-caption\">La paisible commune de Faistenau constitue un point de d\u00e9part id\u00e9al pour entreprendre, par exemple, des randonn\u00e9es au bord du lac de Fuschl.<\/div>\n         <\/div > \n<h2 id=\"randonn\u00e9es-hivernales-dans-la-r\u00e9gion-de-zermatt\">Randonn\u00e9es hivernales dans la r\u00e9gion de Zermatt<\/h2>\n<p>Des paysages de montagne f\u00e9eriques avec des formations rocheuses abruptes et des cascades, voil\u00e0 ce que sont les Alpes suisses. La montagne la plus connue est sans doute le Cervin. <a href=\"https:\/\/www.snowtrex.fr\/suisse\/zermatt\/sejour-ski.html\" target=\"_blank\" rel=\"noopener\">Zermatt<\/a> se trouve \u00e0 ses pieds. En tant que destination de sports d&rsquo;hiver, Zermatt est l&rsquo;un des endroits les plus populaires de l&rsquo;espace alpin. Mais m\u00eame si l&rsquo;on ne skie pas, il existe ici de nombreuses possibilit\u00e9s de divertissement. Les amateurs de randonn\u00e9es hivernales trouveront bien s\u00fbr de quoi s&rsquo;occuper. Les niveaux d&rsquo;exigence vont de facile \u00e0 difficile. Les randonneurs amateurs peuvent, par exemple, profiter du paysage enneig\u00e9 sur le sentier panoramique de T\u00e4sch et, avec un peu de chance, observer la faune des Alpes. En revanche, ceux qui recherchent un d\u00e9fi devraient absolument entreprendre une randonn\u00e9e en raquettes sur le Gornergrat. De l\u00e0-haut, on a une vue \u00e0 couper le souffle sur les nombreux sommets de 4 000 m\u00e8tres environnants.<\/p>\n<div class=\"tt-post-image-wrapper tt-post-image-wrapper-full\">\n            <div class=\"tt-image-copyright-container\">\n                <a href=\"https:\/\/www.snowtrex.fr\/magazine\/files\/2023\/02\/RS4643_shutterstock_233176468-scr.jpg\" target=\"_blank\" rel=\"noopener\"><img loading=\"lazy\" decoding=\"async\" data-wrapped=\"true\" class=\"wp-image-274 size-Artikelbild_gro\u00df\" title=\"Du Gornergrat, on a une vue imbattable sur l'imposant Cervin et les montagnes suisses environnantes.\" src=\"https:\/\/www.snowtrex.fr\/magazine\/files\/2023\/02\/RS4643_shutterstock_233176468-scr-729x486.jpg\" alt=\"Du Gornergrat, on a une vue imbattable sur l'imposant Cervin et les montagnes suisses environnantes.\" width=\"729\" height=\"486\" srcset=\"https:\/\/www.snowtrex.fr\/magazine\/files\/2023\/02\/RS4643_shutterstock_233176468-scr-729x486.jpg 729w, https:\/\/www.snowtrex.fr\/magazine\/files\/2023\/02\/RS4643_shutterstock_233176468-scr-290x194.jpg 290w, https:\/\/www.snowtrex.fr\/magazine\/files\/2023\/02\/RS4643_shutterstock_233176468-scr-728x486.jpg 728w, https:\/\/www.snowtrex.fr\/magazine\/files\/2023\/02\/RS4643_shutterstock_233176468-scr-768x513.jpg 768w, https:\/\/www.snowtrex.fr\/magazine\/files\/2023\/02\/RS4643_shutterstock_233176468-scr-468x312.jpg 468w, https:\/\/www.snowtrex.fr\/magazine\/files\/2023\/02\/RS4643_shutterstock_233176468-scr-300x200.jpg 300w, https:\/\/www.snowtrex.fr\/magazine\/files\/2023\/02\/RS4643_shutterstock_233176468-scr-999x666.jpg 999w, https:\/\/www.snowtrex.fr\/magazine\/files\/2023\/02\/RS4643_shutterstock_233176468-scr-645x430.jpg 645w, https:\/\/www.snowtrex.fr\/magazine\/files\/2023\/02\/RS4643_shutterstock_233176468-scr-552x368.jpg 552w, https:\/\/www.snowtrex.fr\/magazine\/files\/2023\/02\/RS4643_shutterstock_233176468-scr-405x270.jpg 405w, https:\/\/www.snowtrex.fr\/magazine\/files\/2023\/02\/RS4643_shutterstock_233176468-scr-336x224.jpg 336w, https:\/\/www.snowtrex.fr\/magazine\/files\/2023\/02\/RS4643_shutterstock_233176468-scr-276x184.jpg 276w, https:\/\/www.snowtrex.fr\/magazine\/files\/2023\/02\/RS4643_shutterstock_233176468-scr-234x156.jpg 234w, https:\/\/www.snowtrex.fr\/magazine\/files\/2023\/02\/RS4643_shutterstock_233176468-scr-192x128.jpg 192w, https:\/\/www.snowtrex.fr\/magazine\/files\/2023\/02\/RS4643_shutterstock_233176468-scr-120x80.jpg 120w, https:\/\/www.snowtrex.fr\/magazine\/files\/2023\/02\/RS4643_shutterstock_233176468-scr.jpg 1440w\" sizes=\"(min-width: 1009px) 729px, (min-width: 819px) 594px, (min-width: 569px) 729px, (min-width: 449px) 468px, 348px\" \/><\/a><div class=\"tt-image-copyright\" data-image-id=\"274\">\u00a9 Krissanapong Wongsawarng\/shutterstock.de<\/div>\n            <\/div>\n            <div class=\"tt-post-caption\">Du Gornergrat, on a une vue imbattable sur l&rsquo;imposant Cervin et les montagnes suisses environnantes.<\/div>\n         <\/div > \n<h2 id=\"randonn\u00e9es-hivernales-dans-les-dolomites\">Randonn\u00e9es hivernales dans les Dolomites<\/h2>\n<p>Les Tre Cime di Lavaredo, dans les Dolomites, sont probablement la formation montagneuse la plus criante des Alpes. Elles se d\u00e9tachent royalement des sommets du parc naturel Tre Cime et dominent presque majestueusement le paysage du Tyrol du Sud. Il n&rsquo;est donc pas \u00e9tonnant que de nombreux itin\u00e9raires de randonn\u00e9e de la r\u00e9gion des Dolomites aient pour but les Tre Cime di Lavaredo. La plupart des itin\u00e9raires de diff\u00e9rents niveaux de difficult\u00e9 n\u00e9cessitent entre 5 et 8 heures de marche. Certains itin\u00e9raires permettent de parcourir une partie en voiture et de r\u00e9duire ainsi, si n\u00e9cessaire, la randonn\u00e9e \u00e0 environ 3 heures par exemple.<\/p>\n<p>De nombreux chemins m\u00e8nent au refuge populaire Antonio Locatelli, d&rsquo;ici s&rsquo;ouvre une vue \u00e0 couper le souffle sur le patrimoine mondial de l&rsquo;UNESCO et offre le point de d\u00e9part parfait pour les c\u00e9l\u00e8bres photos de l&rsquo;impressionnante formation montagneuse. La vall\u00e9e de Val Fiscalina (<a href=\"https:\/\/www.snowtrex.fr\/italie\/sesto\/sejour-ski.html\" target=\"_blank\" rel=\"noopener\">Sesto<\/a>) et la vall\u00e9e de San Candido (<a href=\"https:\/\/www.snowtrex.fr\/italie\/san_candido\/sejour-ski.html\" target=\"_blank\" rel=\"noopener\">San Candido<\/a>) sont, entre autres, de bons points de d\u00e9part pour la randonn\u00e9e hivernale. Des refuges authentiques et confortables comme le Rifugio Fondovalle&nbsp;et le Rifugio Tre Scarperi, situ\u00e9s le long des sentiers de randonn\u00e9e d\u00e9neig\u00e9s, invitent en outre \u00e0 s&rsquo;arr\u00eater et \u00e0 reprendre des forces en d\u00e9gustant des sp\u00e9cialit\u00e9s traditionnelles et compl\u00e8tent ainsi une journ\u00e9e riche en d\u00e9couvertes.<\/p>\n<div class=\"tt-post-image-wrapper tt-post-image-wrapper-full\">\n            <div class=\"tt-image-copyright-container\">\n                <a href=\"https:\/\/www.snowtrex.fr\/magazine\/files\/2023\/02\/RS21372_shutterstock_324200117-bearbeitet-scr.jpg\" target=\"_blank\" rel=\"noopener\"><img loading=\"lazy\" decoding=\"async\" data-wrapped=\"true\" class=\"wp-image-275 size-Artikelbild_gro\u00df\" title=\"Le refuge Dreizinnen est la destination parfaite pour profiter de la vue fantastique sur les Drei Zinnen.\" src=\"https:\/\/www.snowtrex.fr\/magazine\/files\/2023\/02\/RS21372_shutterstock_324200117-bearbeitet-scr-729x486.jpg\" alt=\"Le refuge Dreizinnen est la destination parfaite pour profiter de la vue fantastique sur les Drei Zinnen.\" width=\"729\" height=\"486\" srcset=\"https:\/\/www.snowtrex.fr\/magazine\/files\/2023\/02\/RS21372_shutterstock_324200117-bearbeitet-scr-729x486.jpg 729w, https:\/\/www.snowtrex.fr\/magazine\/files\/2023\/02\/RS21372_shutterstock_324200117-bearbeitet-scr-468x312.jpg 468w, https:\/\/www.snowtrex.fr\/magazine\/files\/2023\/02\/RS21372_shutterstock_324200117-bearbeitet-scr-300x200.jpg 300w, https:\/\/www.snowtrex.fr\/magazine\/files\/2023\/02\/RS21372_shutterstock_324200117-bearbeitet-scr-999x666.jpg 999w, https:\/\/www.snowtrex.fr\/magazine\/files\/2023\/02\/RS21372_shutterstock_324200117-bearbeitet-scr-645x430.jpg 645w, https:\/\/www.snowtrex.fr\/magazine\/files\/2023\/02\/RS21372_shutterstock_324200117-bearbeitet-scr-552x368.jpg 552w, https:\/\/www.snowtrex.fr\/magazine\/files\/2023\/02\/RS21372_shutterstock_324200117-bearbeitet-scr-405x270.jpg 405w, https:\/\/www.snowtrex.fr\/magazine\/files\/2023\/02\/RS21372_shutterstock_324200117-bearbeitet-scr-336x224.jpg 336w, https:\/\/www.snowtrex.fr\/magazine\/files\/2023\/02\/RS21372_shutterstock_324200117-bearbeitet-scr-276x184.jpg 276w, https:\/\/www.snowtrex.fr\/magazine\/files\/2023\/02\/RS21372_shutterstock_324200117-bearbeitet-scr-234x156.jpg 234w, https:\/\/www.snowtrex.fr\/magazine\/files\/2023\/02\/RS21372_shutterstock_324200117-bearbeitet-scr-192x128.jpg 192w, https:\/\/www.snowtrex.fr\/magazine\/files\/2023\/02\/RS21372_shutterstock_324200117-bearbeitet-scr-120x80.jpg 120w\" sizes=\"(min-width: 1009px) 729px, (min-width: 819px) 594px, (min-width: 569px) 729px, (min-width: 449px) 468px, 348px\" \/><\/a><div class=\"tt-image-copyright\" data-image-id=\"275\">\u00a9 Dzerkach Viktar\/shutterstock.de<\/div>\n            <\/div>\n            <div class=\"tt-post-caption\">Le refuge Lavaredo est la destination parfaite pour profiter de la vue fantastique sur les Tre Cime di Lavaredo.<\/div>\n         <\/div > \n\n\n<p><\/p>\n","protected":false},"excerpt":{"rendered":"<p>Pendant les vacances d&rsquo;hiver, il n&rsquo;est pas toujours n\u00e9cessaire de faire du ski ou du snowboard pour profiter du paysage enneig\u00e9 et l&rsquo;explorer. Il suffit d&rsquo;enfiler des chaussures solides et des v\u00eatements chauds et de partir sur les sentiers de randonn\u00e9e hivernale des Alpes, de monter et de descendre des montagnes, de traverser des prairies, des for\u00eats et des vall\u00e9es en passant par de vieux villages et des cascades gel\u00e9es. SnowTrex a rassembl\u00e9 les plus belles r\u00e9gions pour faire de la randonn\u00e9e hivernale dans les Alpes.<\/p>\n","protected":false},"author":176,"featured_media":263,"comment_status":"closed","ping_status":"closed","sticky":false,"template":"","format":"standard","meta":{"footnotes":""},"categories":[8],"tags":[144,143,767,798,766,142,704,147,146,145,788,148,149,43,373,702,703,47,742,728,708,50,705,152,761,153,56,154,126,156,155,814,775,157,819,725,820,151,158,160,159,701,68,727,711,127,764,74,75,689],"class_list":["post-256","post","type-post","status-publish","format-standard","has-post-thumbnail","hentry","category-top-10","tag-achenkirch","tag-achensee","tag-allemagne","tag-allgau","tag-alpes-bavaroises","tag-aschau","tag-autriche","tag-bad_gastein","tag-bad_hofgastein","tag-berchtesgaden","tag-bruck_am_ziller_zillertal","tag-dorfgastein","tag-finkenberg","tag-fugen","tag-fuschl_am_see","tag-gasteinertal","tag-grossarltal","tag-hintertux","tag-hippach_schwendau_ramsau","tag-holiday_region_3_zinnen_dolomites","tag-italie","tag-kaltenbach_ried_stumm","tag-land-de-salzbourg","tag-lofer","tag-matterhorn","tag-maurach","tag-mayrhofen","tag-mieming","tag-munster","tag-oberstaufen","tag-oberstdorf","tag-oberstdorf-oberallgau","tag-pays_de_berchtesgaden","tag-pertisau","tag-region-imst","tag-salzburger-saalachtal","tag-salzkammergut","tag-san_candido","tag-schlitters","tag-sesto","tag-strass","tag-suisse","tag-tux","tag-tyrol","tag-tyrol-du-sud","tag-uderns","tag-valais","tag-zell_am_ziller","tag-zermatt","tag-zillertal"],"yoast_head":"<!-- This site is optimized with the Yoast SEO Premium plugin v27.3 (Yoast SEO v27.3) - https:\/\/yoast.com\/product\/yoast-seo-premium-wordpress\/ -->\n<title>10 r\u00e9gions pour faire de la randonn\u00e9e hivernale - Randonn\u00e9e dans la neige<\/title>\n<meta name=\"description\" content=\"Pendant les vacances d&#039;hiver, il n&#039;est pas toujours n\u00e9cessaire de skier pour profiter du paysage. SnowTrex pr\u00e9sente les plus belles r\u00e9gions pour faire de la randonn\u00e9e hivernale dans les Alpes.\" \/>\n<meta name=\"robots\" content=\"index, follow, max-snippet:-1, max-image-preview:large, max-video-preview:-1\" \/>\n<link rel=\"canonical\" href=\"https:\/\/www.snowtrex.fr\/magazine\/top-10\/randonnees-hivernales\/\" \/>\n<meta property=\"og:locale\" content=\"fr_FR\" \/>\n<meta property=\"og:type\" content=\"article\" \/>\n<meta property=\"og:title\" content=\"Les 10 plus belles r\u00e9gions pour faire de la randonn\u00e9e hivernale dans les Alpes\" \/>\n<meta property=\"og:description\" content=\"Pendant les vacances d&#039;hiver, il n&#039;est pas toujours n\u00e9cessaire de faire du ski ou du snowboard pour profiter du paysage enneig\u00e9 et l&#039;explorer. Il suffit d&#039;enfiler des chaussures solides et des v\u00eatements chauds et de partir sur les sentiers de randonn\u00e9e hivernale des Alpes, de monter et de descendre des montagnes, de traverser des prairies, des for\u00eats et des vall\u00e9es en passant par de vieux villages et des cascades gel\u00e9es. SnowTrex a rassembl\u00e9 les plus belles r\u00e9gions pour faire de la randonn\u00e9e hivernale dans les Alpes.\" \/>\n<meta property=\"og:url\" content=\"https:\/\/www.snowtrex.fr\/magazine\/top-10\/randonnees-hivernales\/\" \/>\n<meta property=\"og:site_name\" content=\"SnowTrex Ski Magazine\" \/>\n<meta property=\"article:publisher\" content=\"https:\/\/www.facebook.com\/SnowTrex.de\/\" \/>\n<meta property=\"article:author\" content=\"https:\/\/www.facebook.com\/snowtrex\/\" \/>\n<meta property=\"article:published_time\" content=\"2023-02-10T09:12:17+00:00\" \/>\n<meta property=\"article:modified_time\" content=\"2025-06-26T12:55:24+00:00\" \/>\n<meta property=\"og:image\" content=\"https:\/\/www.snowtrex.fr\/magazine\/files\/2023\/02\/RS5154_shutterstock_441215299-hsc.jpg\" \/>\n\t<meta property=\"og:image:width\" content=\"1920\" \/>\n\t<meta property=\"og:image:height\" content=\"1280\" \/>\n\t<meta property=\"og:image:type\" content=\"image\/jpeg\" \/>\n<meta name=\"author\" content=\"SnowTrex\" \/>\n<meta name=\"twitter:label1\" content=\"\u00c9crit par\" \/>\n\t<meta name=\"twitter:data1\" content=\"SnowTrex\" \/>\n\t<meta name=\"twitter:label2\" content=\"Dur\u00e9e de lecture estim\u00e9e\" \/>\n\t<meta name=\"twitter:data2\" content=\"10 minutes\" \/>\n<script type=\"application\/ld+json\" class=\"yoast-schema-graph\">{\"@context\":\"https:\\\/\\\/schema.org\",\"@graph\":[{\"@type\":\"Article\",\"@id\":\"http:\\\/\\\/wp-magazin.snowtrex.fr\\\/top-10\\\/randonnees-hivernales\\\/#article\",\"isPartOf\":{\"@id\":\"http:\\\/\\\/wp-magazin.snowtrex.fr\\\/top-10\\\/randonnees-hivernales\\\/\"},\"author\":{\"name\":\"SnowTrex\",\"@id\":\"http:\\\/\\\/wp-magazin.snowtrex.fr\\\/#\\\/schema\\\/person\\\/44788d5521abaf7587d53e11859fb827\"},\"headline\":\"Les 10 plus belles r\u00e9gions pour faire de la randonn\u00e9e hivernale dans les Alpes\",\"datePublished\":\"2023-02-10T09:12:17+00:00\",\"dateModified\":\"2025-06-26T12:55:24+00:00\",\"mainEntityOfPage\":{\"@id\":\"http:\\\/\\\/wp-magazin.snowtrex.fr\\\/top-10\\\/randonnees-hivernales\\\/\"},\"wordCount\":1829,\"publisher\":{\"@id\":\"http:\\\/\\\/wp-magazin.snowtrex.fr\\\/#organization\"},\"image\":{\"@id\":\"http:\\\/\\\/wp-magazin.snowtrex.fr\\\/top-10\\\/randonnees-hivernales\\\/#primaryimage\"},\"thumbnailUrl\":\"http:\\\/\\\/wp-magazin.snowtrex.fr\\\/files\\\/2023\\\/02\\\/RS5154_shutterstock_441215299-hsc.jpg\",\"keywords\":[\"Achenkirch\",\"Achensee\",\"Allemagne\",\"Allg\u00e4u\",\"Alpes bavaroises\",\"Aschau\",\"Autriche\",\"Bad Gastein\",\"Bad Hofgastein\",\"Berchtesgaden\",\"Bruck am Ziller (Zillertal)\",\"Dorfgastein\",\"Finkenberg\",\"F\u00fcgen\",\"Fuschl am See\",\"Gasteinertal\",\"Gro\u00dfarltal\",\"Hintertux\",\"Hippach - Schwendau - Ramsau\",\"Holiday region 3 Zinnen Dolomites\",\"Italie\",\"Kaltenbach - Ried - Stumm\",\"Land de Salzbourg\",\"Lofer\",\"Matterhorn\",\"Maurach\",\"Mayrhofen\",\"Mieming\",\"M\u00fcnster\",\"Oberstaufen\",\"Oberstdorf\",\"Oberstdorf (Oberallg\u00e4u)\",\"Pays de Berchtesgaden\",\"Pertisau\",\"R\u00e9gion Imst\",\"Salzburger Saalachtal\",\"Salzkammergut\",\"San Candido\",\"Schlitters\",\"Sesto\",\"Strass\",\"Suisse\",\"Tux\",\"Tyrol\",\"Tyrol du Sud\",\"Uderns\",\"Valais\",\"Zell am Ziller\",\"Zermatt\",\"Zillertal\"],\"articleSection\":[\"Top 10\"],\"inLanguage\":\"fr-FR\"},{\"@type\":\"WebPage\",\"@id\":\"http:\\\/\\\/wp-magazin.snowtrex.fr\\\/top-10\\\/randonnees-hivernales\\\/\",\"url\":\"http:\\\/\\\/wp-magazin.snowtrex.fr\\\/top-10\\\/randonnees-hivernales\\\/\",\"name\":\"10 r\u00e9gions pour faire de la randonn\u00e9e hivernale - Randonn\u00e9e dans la neige\",\"primaryImageOfPage\":{\"@id\":\"http:\\\/\\\/wp-magazin.snowtrex.fr\\\/top-10\\\/randonnees-hivernales\\\/#primaryimage\"},\"image\":{\"@id\":\"http:\\\/\\\/wp-magazin.snowtrex.fr\\\/top-10\\\/randonnees-hivernales\\\/#primaryimage\"},\"thumbnailUrl\":\"http:\\\/\\\/wp-magazin.snowtrex.fr\\\/files\\\/2023\\\/02\\\/RS5154_shutterstock_441215299-hsc.jpg\",\"datePublished\":\"2023-02-10T09:12:17+00:00\",\"dateModified\":\"2025-06-26T12:55:24+00:00\",\"description\":\"Pendant les vacances d'hiver, il n'est pas toujours n\u00e9cessaire de skier pour profiter du paysage. SnowTrex pr\u00e9sente les plus belles r\u00e9gions pour faire de la randonn\u00e9e hivernale dans les Alpes.\",\"inLanguage\":\"fr-FR\"},{\"@type\":\"ImageObject\",\"inLanguage\":\"fr-FR\",\"@id\":\"http:\\\/\\\/wp-magazin.snowtrex.fr\\\/top-10\\\/randonnees-hivernales\\\/#primaryimage\",\"url\":\"http:\\\/\\\/wp-magazin.snowtrex.fr\\\/files\\\/2023\\\/02\\\/RS5154_shutterstock_441215299-hsc.jpg\",\"contentUrl\":\"http:\\\/\\\/wp-magazin.snowtrex.fr\\\/files\\\/2023\\\/02\\\/RS5154_shutterstock_441215299-hsc.jpg\",\"width\":1920,\"height\":1280,\"caption\":\"Quelle: Shutterstock (Standard Lizenz); Frei (Web, Print, SocialMedia) RED+ \u00a9\"},{\"@type\":\"WebSite\",\"@id\":\"http:\\\/\\\/wp-magazin.snowtrex.fr\\\/#website\",\"url\":\"http:\\\/\\\/wp-magazin.snowtrex.fr\\\/\",\"name\":\"SnowTrex Ski Magazine\",\"description\":\"Tout sur le ski, le snowboard et les vacances d&#039;hiver !\",\"publisher\":{\"@id\":\"http:\\\/\\\/wp-magazin.snowtrex.fr\\\/#organization\"},\"inLanguage\":\"fr-FR\"},{\"@type\":\"Organization\",\"@id\":\"http:\\\/\\\/wp-magazin.snowtrex.fr\\\/#organization\",\"name\":\"TravelTrex GmbH\",\"url\":\"http:\\\/\\\/wp-magazin.snowtrex.fr\\\/\",\"logo\":{\"@type\":\"ImageObject\",\"inLanguage\":\"fr-FR\",\"@id\":\"http:\\\/\\\/wp-magazin.snowtrex.fr\\\/#\\\/schema\\\/logo\\\/image\\\/\",\"url\":\"http:\\\/\\\/wp-magazin.snowtrex.fr\\\/files\\\/2025\\\/09\\\/TravelTrex-Logo_RGB_transp.png\",\"contentUrl\":\"http:\\\/\\\/wp-magazin.snowtrex.fr\\\/files\\\/2025\\\/09\\\/TravelTrex-Logo_RGB_transp.png\",\"width\":1080,\"height\":282,\"caption\":\"TravelTrex GmbH\"},\"image\":{\"@id\":\"http:\\\/\\\/wp-magazin.snowtrex.fr\\\/#\\\/schema\\\/logo\\\/image\\\/\"},\"sameAs\":[\"https:\\\/\\\/www.facebook.com\\\/SnowTrex.de\\\/\",\"https:\\\/\\\/www.instagram.com\\\/snowtrex_ski\\\/\"],\"description\":\"Depuis 1999, SnowTrex est le premier voyagiste allemand sp\u00e9cialis\u00e9 dans les vacances au ski. L'entreprise commercialise ses offres en 13 langues et accueille chaque ann\u00e9e plus de 100 000 clients dans des destinations pris\u00e9es telles que l'Autriche, la France, l'Italie, la Suisse et l'Allemagne.\",\"email\":\"info-fr@snowtrex.com\",\"telephone\":\"08 05 22 06 10\",\"legalName\":\"TravelTrex GmbH\",\"foundingDate\":\"1999-07-01\",\"vatID\":\"DE 813 076 768\",\"numberOfEmployees\":{\"@type\":\"QuantitativeValue\",\"minValue\":\"51\",\"maxValue\":\"200\"}},{\"@type\":\"Person\",\"@id\":\"http:\\\/\\\/wp-magazin.snowtrex.fr\\\/#\\\/schema\\\/person\\\/44788d5521abaf7587d53e11859fb827\",\"name\":\"SnowTrex\",\"description\":\"La r\u00e9daction du magazine SnowTrex r\u00e9unit des amateurs de sports d'hiver exp\u00e9riment\u00e9s et des experts en voyages qui mettent leur passion au service d'articles approfondis sur les stations de ski, l'\u00e9quipement et les conseils de voyage. Depuis 1999, SnowTrex est le premier voyagiste allemand sp\u00e9cialis\u00e9 dans les vacances au ski. L'entreprise commercialise ses offres en 13 langues et emm\u00e8ne chaque ann\u00e9e plus de 100 000 clients vers des destinations pris\u00e9es telles que l'Autriche, la France, l'Italie, la Suisse et l'Allemagne.\",\"sameAs\":[\"https:\\\/\\\/www.snowtrex.fr\\\/\",\"https:\\\/\\\/www.facebook.com\\\/snowtrex\\\/\",\"https:\\\/\\\/www.instagram.com\\\/snowtrex_ski\\\/\",\"https:\\\/\\\/www.youtube.com\\\/c\\\/SnowTrex\"]}]}<\/script>\n<!-- \/ Yoast SEO Premium plugin. -->","yoast_head_json":{"title":"10 r\u00e9gions pour faire de la randonn\u00e9e hivernale - Randonn\u00e9e dans la neige","description":"Pendant les vacances d'hiver, il n'est pas toujours n\u00e9cessaire de skier pour profiter du paysage. SnowTrex pr\u00e9sente les plus belles r\u00e9gions pour faire de la randonn\u00e9e hivernale dans les Alpes.","robots":{"index":"index","follow":"follow","max-snippet":"max-snippet:-1","max-image-preview":"max-image-preview:large","max-video-preview":"max-video-preview:-1"},"canonical":"https:\/\/www.snowtrex.fr\/magazine\/top-10\/randonnees-hivernales\/","og_locale":"fr_FR","og_type":"article","og_title":"Les 10 plus belles r\u00e9gions pour faire de la randonn\u00e9e hivernale dans les Alpes","og_description":"Pendant les vacances d'hiver, il n'est pas toujours n\u00e9cessaire de faire du ski ou du snowboard pour profiter du paysage enneig\u00e9 et l'explorer. Il suffit d'enfiler des chaussures solides et des v\u00eatements chauds et de partir sur les sentiers de randonn\u00e9e hivernale des Alpes, de monter et de descendre des montagnes, de traverser des prairies, des for\u00eats et des vall\u00e9es en passant par de vieux villages et des cascades gel\u00e9es. SnowTrex a rassembl\u00e9 les plus belles r\u00e9gions pour faire de la randonn\u00e9e hivernale dans les Alpes.","og_url":"https:\/\/www.snowtrex.fr\/magazine\/top-10\/randonnees-hivernales\/","og_site_name":"SnowTrex Ski Magazine","article_publisher":"https:\/\/www.facebook.com\/SnowTrex.de\/","article_author":"https:\/\/www.facebook.com\/snowtrex\/","article_published_time":"2023-02-10T09:12:17+00:00","article_modified_time":"2025-06-26T12:55:24+00:00","og_image":[{"width":1920,"height":1280,"url":"https:\/\/www.snowtrex.fr\/magazine\/files\/2023\/02\/RS5154_shutterstock_441215299-hsc.jpg","type":"image\/jpeg"}],"author":"SnowTrex","twitter_misc":{"\u00c9crit par":"SnowTrex","Dur\u00e9e de lecture estim\u00e9e":"10 minutes"},"schema":{"@context":"https:\/\/schema.org","@graph":[{"@type":"Article","@id":"https:\/\/www.snowtrex.fr\/magazine\/top-10\/randonnees-hivernales\/#article","isPartOf":{"@id":"https:\/\/www.snowtrex.fr\/magazine\/top-10\/randonnees-hivernales\/"},"author":{"name":"SnowTrex","@id":"https:\/\/www.snowtrex.fr\/magazine\/#\/schema\/person\/44788d5521abaf7587d53e11859fb827"},"headline":"Les 10 plus belles r\u00e9gions pour faire de la randonn\u00e9e hivernale dans les Alpes","datePublished":"2023-02-10T09:12:17+00:00","dateModified":"2025-06-26T12:55:24+00:00","mainEntityOfPage":{"@id":"https:\/\/www.snowtrex.fr\/magazine\/top-10\/randonnees-hivernales\/"},"wordCount":1829,"publisher":{"@id":"https:\/\/www.snowtrex.fr\/magazine\/#organization"},"image":{"@id":"https:\/\/www.snowtrex.fr\/magazine\/top-10\/randonnees-hivernales\/#primaryimage"},"thumbnailUrl":"https:\/\/www.snowtrex.fr\/magazine\/files\/2023\/02\/RS5154_shutterstock_441215299-hsc.jpg","keywords":["Achenkirch","Achensee","Allemagne","Allg\u00e4u","Alpes bavaroises","Aschau","Autriche","Bad Gastein","Bad Hofgastein","Berchtesgaden","Bruck am Ziller (Zillertal)","Dorfgastein","Finkenberg","F\u00fcgen","Fuschl am See","Gasteinertal","Gro\u00dfarltal","Hintertux","Hippach - Schwendau - Ramsau","Holiday region 3 Zinnen Dolomites","Italie","Kaltenbach - Ried - Stumm","Land de Salzbourg","Lofer","Matterhorn","Maurach","Mayrhofen","Mieming","M\u00fcnster","Oberstaufen","Oberstdorf","Oberstdorf (Oberallg\u00e4u)","Pays de Berchtesgaden","Pertisau","R\u00e9gion Imst","Salzburger Saalachtal","Salzkammergut","San Candido","Schlitters","Sesto","Strass","Suisse","Tux","Tyrol","Tyrol du Sud","Uderns","Valais","Zell am Ziller","Zermatt","Zillertal"],"articleSection":["Top 10"],"inLanguage":"fr-FR"},{"@type":"WebPage","@id":"https:\/\/www.snowtrex.fr\/magazine\/top-10\/randonnees-hivernales\/","url":"https:\/\/www.snowtrex.fr\/magazine\/top-10\/randonnees-hivernales\/","name":"10 r\u00e9gions pour faire de la randonn\u00e9e hivernale - Randonn\u00e9e dans la neige","primaryImageOfPage":{"@id":"https:\/\/www.snowtrex.fr\/magazine\/top-10\/randonnees-hivernales\/#primaryimage"},"image":{"@id":"https:\/\/www.snowtrex.fr\/magazine\/top-10\/randonnees-hivernales\/#primaryimage"},"thumbnailUrl":"https:\/\/www.snowtrex.fr\/magazine\/files\/2023\/02\/RS5154_shutterstock_441215299-hsc.jpg","datePublished":"2023-02-10T09:12:17+00:00","dateModified":"2025-06-26T12:55:24+00:00","description":"Pendant les vacances d'hiver, il n'est pas toujours n\u00e9cessaire de skier pour profiter du paysage. SnowTrex pr\u00e9sente les plus belles r\u00e9gions pour faire de la randonn\u00e9e hivernale dans les Alpes.","inLanguage":"fr-FR"},{"@type":"ImageObject","inLanguage":"fr-FR","@id":"https:\/\/www.snowtrex.fr\/magazine\/top-10\/randonnees-hivernales\/#primaryimage","url":"https:\/\/www.snowtrex.fr\/magazine\/files\/2023\/02\/RS5154_shutterstock_441215299-hsc.jpg","contentUrl":"https:\/\/www.snowtrex.fr\/magazine\/files\/2023\/02\/RS5154_shutterstock_441215299-hsc.jpg","width":1920,"height":1280,"caption":"Quelle: Shutterstock (Standard Lizenz); Frei (Web, Print, SocialMedia) RED+ \u00a9"},{"@type":"WebSite","@id":"https:\/\/www.snowtrex.fr\/magazine\/#website","url":"https:\/\/www.snowtrex.fr\/magazine\/","name":"SnowTrex Ski Magazine","description":"Tout sur le ski, le snowboard et les vacances d&#039;hiver !","publisher":{"@id":"https:\/\/www.snowtrex.fr\/magazine\/#organization"},"inLanguage":"fr-FR"},{"@type":"Organization","@id":"https:\/\/www.snowtrex.fr\/magazine\/#organization","name":"TravelTrex GmbH","url":"https:\/\/www.snowtrex.fr\/magazine\/","logo":{"@type":"ImageObject","inLanguage":"fr-FR","@id":"https:\/\/www.snowtrex.fr\/magazine\/#\/schema\/logo\/image\/","url":"https:\/\/www.snowtrex.fr\/magazine\/files\/2025\/09\/TravelTrex-Logo_RGB_transp.png","contentUrl":"https:\/\/www.snowtrex.fr\/magazine\/files\/2025\/09\/TravelTrex-Logo_RGB_transp.png","width":1080,"height":282,"caption":"TravelTrex GmbH"},"image":{"@id":"https:\/\/www.snowtrex.fr\/magazine\/#\/schema\/logo\/image\/"},"sameAs":["https:\/\/www.facebook.com\/SnowTrex.de\/","https:\/\/www.instagram.com\/snowtrex_ski\/"],"description":"Depuis 1999, SnowTrex est le premier voyagiste allemand sp\u00e9cialis\u00e9 dans les vacances au ski. L'entreprise commercialise ses offres en 13 langues et accueille chaque ann\u00e9e plus de 100 000 clients dans des destinations pris\u00e9es telles que l'Autriche, la France, l'Italie, la Suisse et l'Allemagne.","email":"info-fr@snowtrex.com","telephone":"08 05 22 06 10","legalName":"TravelTrex GmbH","foundingDate":"1999-07-01","vatID":"DE 813 076 768","numberOfEmployees":{"@type":"QuantitativeValue","minValue":"51","maxValue":"200"}},{"@type":"Person","@id":"https:\/\/www.snowtrex.fr\/magazine\/#\/schema\/person\/44788d5521abaf7587d53e11859fb827","name":"SnowTrex","description":"La r\u00e9daction du magazine SnowTrex r\u00e9unit des amateurs de sports d'hiver exp\u00e9riment\u00e9s et des experts en voyages qui mettent leur passion au service d'articles approfondis sur les stations de ski, l'\u00e9quipement et les conseils de voyage. Depuis 1999, SnowTrex est le premier voyagiste allemand sp\u00e9cialis\u00e9 dans les vacances au ski. L'entreprise commercialise ses offres en 13 langues et emm\u00e8ne chaque ann\u00e9e plus de 100 000 clients vers des destinations pris\u00e9es telles que l'Autriche, la France, l'Italie, la Suisse et l'Allemagne.","sameAs":["https:\/\/www.snowtrex.fr\/","https:\/\/www.facebook.com\/snowtrex\/","https:\/\/www.instagram.com\/snowtrex_ski\/","https:\/\/www.youtube.com\/c\/SnowTrex"]}]}},"wp-worthy-pixel":{"ignored":false,"public":null,"server":null,"url":null},"wp-worthy-type":"normal","_links":{"self":[{"href":"https:\/\/www.snowtrex.fr\/magazine\/wp-json\/wp\/v2\/posts\/256","targetHints":{"allow":["GET"]}}],"collection":[{"href":"https:\/\/www.snowtrex.fr\/magazine\/wp-json\/wp\/v2\/posts"}],"about":[{"href":"https:\/\/www.snowtrex.fr\/magazine\/wp-json\/wp\/v2\/types\/post"}],"author":[{"embeddable":true,"href":"https:\/\/www.snowtrex.fr\/magazine\/wp-json\/wp\/v2\/users\/176"}],"replies":[{"embeddable":true,"href":"https:\/\/www.snowtrex.fr\/magazine\/wp-json\/wp\/v2\/comments?post=256"}],"version-history":[{"count":14,"href":"https:\/\/www.snowtrex.fr\/magazine\/wp-json\/wp\/v2\/posts\/256\/revisions"}],"predecessor-version":[{"id":56744,"href":"https:\/\/www.snowtrex.fr\/magazine\/wp-json\/wp\/v2\/posts\/256\/revisions\/56744"}],"wp:featuredmedia":[{"embeddable":true,"href":"https:\/\/www.snowtrex.fr\/magazine\/wp-json\/wp\/v2\/media\/263"}],"wp:attachment":[{"href":"https:\/\/www.snowtrex.fr\/magazine\/wp-json\/wp\/v2\/media?parent=256"}],"wp:term":[{"taxonomy":"category","embeddable":true,"href":"https:\/\/www.snowtrex.fr\/magazine\/wp-json\/wp\/v2\/categories?post=256"},{"taxonomy":"post_tag","embeddable":true,"href":"https:\/\/www.snowtrex.fr\/magazine\/wp-json\/wp\/v2\/tags?post=256"}],"curies":[{"name":"wp","href":"https:\/\/api.w.org\/{rel}","templated":true}]}}