{"id":58516,"date":"2025-04-03T13:29:37","date_gmt":"2025-04-03T11:29:37","guid":{"rendered":"https:\/\/www.snowtrex.de\/magazin\/?p=584"},"modified":"2026-02-13T14:10:49","modified_gmt":"2026-02-13T13:10:49","slug":"celebres-pistes-de-coupe-du-monde","status":"publish","type":"post","link":"https:\/\/www.snowtrex.fr\/magazine\/stations-de-ski\/celebres-pistes-de-coupe-du-monde\/","title":{"rendered":"Sur les traces des pros : les pistes mythiques de la Coupe du monde"},"content":{"rendered":"<p><strong>Chaque automne, l\u2019\u00e9lite mondiale du ski alpin s\u2019\u00e9lance sur le circuit de la Coupe du monde. Les pistes que d\u00e9valent les professionnels repr\u00e9sentent un v\u00e9ritable d\u00e9fi, m\u00eame pour les amateurs de sports d\u2019hiver les plus ambitieux. <a style=\"border-left-width: 0px\" href=\"https:\/\/www.snowtrex.fr\/\" target=\"_blank\" rel=\"noopener noreferrer\">SnowTrex<\/a> a s\u00e9lectionn\u00e9 les trac\u00e9s les plus c\u00e9l\u00e8bres de la Coupe du monde, \u00e9galement accessibles aux skieurs non professionnels. Qui osera se mesurer \u00e0 ces l\u00e9gendes ?<\/strong><\/p>\n<div class=\"tt-post-image-wrapper tt-post-image-wrapper-full\">\n            <div class=\"tt-image-copyright-container\">\n                <a href=\"https:\/\/www.snowtrex.fr\/magazine\/files\/2023\/02\/RS26604_shutterstock_1401745709-scr.jpg\" target=\"_blank\" rel=\"noopener\"><img loading=\"lazy\" decoding=\"async\" data-wrapped=\"true\" class=\"wp-image-223 size-Artikelbild_gro\u00df\" title=\"Certaines des pistes les plus exigeantes au monde ont longtemps \u00e9t\u00e9 le terrain de jeu de Marcel Hirscher, recordman du nombre de victoires au classement g\u00e9n\u00e9ral de la Coupe du monde\" src=\"https:\/\/www.snowtrex.fr\/magazine\/files\/2023\/02\/RS26604_shutterstock_1401745709-scr-729x486.jpg\" alt=\"Certaines des pistes les plus exigeantes au monde ont longtemps \u00e9t\u00e9 le terrain de jeu de Marcel Hirscher, recordman du nombre de victoires au classement g\u00e9n\u00e9ral de la Coupe du monde\" width=\"729\" height=\"486\" srcset=\"https:\/\/www.snowtrex.fr\/magazine\/files\/2023\/02\/RS26604_shutterstock_1401745709-scr-729x486.jpg 729w, https:\/\/www.snowtrex.fr\/magazine\/files\/2023\/02\/RS26604_shutterstock_1401745709-scr-290x193.jpg 290w, https:\/\/www.snowtrex.fr\/magazine\/files\/2023\/02\/RS26604_shutterstock_1401745709-scr-728x485.jpg 728w, https:\/\/www.snowtrex.fr\/magazine\/files\/2023\/02\/RS26604_shutterstock_1401745709-scr-768x512.jpg 768w, https:\/\/www.snowtrex.fr\/magazine\/files\/2023\/02\/RS26604_shutterstock_1401745709-scr-468x312.jpg 468w, https:\/\/www.snowtrex.fr\/magazine\/files\/2023\/02\/RS26604_shutterstock_1401745709-scr-300x200.jpg 300w, https:\/\/www.snowtrex.fr\/magazine\/files\/2023\/02\/RS26604_shutterstock_1401745709-scr-999x666.jpg 999w, https:\/\/www.snowtrex.fr\/magazine\/files\/2023\/02\/RS26604_shutterstock_1401745709-scr-645x430.jpg 645w, https:\/\/www.snowtrex.fr\/magazine\/files\/2023\/02\/RS26604_shutterstock_1401745709-scr-552x368.jpg 552w, https:\/\/www.snowtrex.fr\/magazine\/files\/2023\/02\/RS26604_shutterstock_1401745709-scr-405x270.jpg 405w, https:\/\/www.snowtrex.fr\/magazine\/files\/2023\/02\/RS26604_shutterstock_1401745709-scr-336x224.jpg 336w, https:\/\/www.snowtrex.fr\/magazine\/files\/2023\/02\/RS26604_shutterstock_1401745709-scr-276x184.jpg 276w, https:\/\/www.snowtrex.fr\/magazine\/files\/2023\/02\/RS26604_shutterstock_1401745709-scr-234x156.jpg 234w, https:\/\/www.snowtrex.fr\/magazine\/files\/2023\/02\/RS26604_shutterstock_1401745709-scr-192x128.jpg 192w, https:\/\/www.snowtrex.fr\/magazine\/files\/2023\/02\/RS26604_shutterstock_1401745709-scr-120x80.jpg 120w, https:\/\/www.snowtrex.fr\/magazine\/files\/2023\/02\/RS26604_shutterstock_1401745709-scr.jpg 1440w\" sizes=\"(min-width: 1009px) 729px, (min-width: 819px) 594px, (min-width: 569px) 729px, (min-width: 449px) 468px, 348px\" \/><\/a><div class=\"tt-image-copyright\" data-image-id=\"223\">\u00a9 PHOTOMDP\/Shutterstock<\/div>\n            <\/div>\n            <div class=\"tt-post-caption\">Certaines des pistes les plus exigeantes au monde ont longtemps \u00e9t\u00e9 le terrain de jeu de Marcel Hirscher, recordman du nombre de victoires au classement g\u00e9n\u00e9ral de la Coupe du monde<\/div>\n         <\/div > \n<div class=\"tt-table-of-content\">\n                <span class=\"tt-icon-circle-up tt-table-of-content-button\"><\/span><\/p>\n<div class=\"tt-table-of-content-caption\">\n                    Sommaire\n                <\/div>\n<div class=\"tt-table-of-content-body\">\n                    <a href=\"#aper\u00e7u-des-pistes-c\u00e9l\u00e8bres-de-la-coupe-du-monde\"><span class=\"layer-0\">Aper\u00e7u des pistes c\u00e9l\u00e8bres de la Coupe du monde<\/span><\/a><a href=\"#lauberhorn-\u00e0-wengen-(suisse)--la-descente-la-plus-longue\"><span class=\"layer-0\">Lauberhorn \u00e0 Wengen (Suisse) \u2013 La descente la plus longue<\/span><\/a><a href=\"#saslong-\u00e0-val-gardena-(italie)--des-sauts-spectaculaires\"><span class=\"layer-0\">Saslong \u00e0 Val Gardena (Italie) \u2013 Des sauts spectaculaires<\/span><\/a><a href=\"#streif-\u00e0-kitzb\u00fchel-(autriche)--jusqu'\u00e0-85-%-de-pente\"><span class=\"layer-0\">Streif \u00e0 Kitzb\u00fchel (Autriche) \u2013 Jusqu&rsquo;\u00e0 85 % de pente<\/span><\/a><a href=\"#planai-\u00e0-schladming-(autriche)--la-mythique-\u00ab-nightrace-\u00bb\"><span class=\"layer-0\">Planai \u00e0 Schladming (Autriche) \u2013 La mythique \u00ab Nightrace \u00bb<\/span><\/a><a href=\"#kandahar-\u00e0-garmisch-partenkirchen-(allemagne)--la-plus-raide-du-circuit\"><span class=\"layer-0\">Kandahar \u00e0 Garmisch-Partenkirchen (Allemagne) \u2013 La plus raide du circuit<\/span><\/a><a href=\"#chuenisb\u00e4rgli-\u00e0-adelboden-(suisse)--le-slalom-g\u00e9ant-de-r\u00e9f\u00e9rence\"><span class=\"layer-0\">Chuenisb\u00e4rgli \u00e0 Adelboden (Suisse) \u2013 Le slalom g\u00e9ant de r\u00e9f\u00e9rence<\/span><\/a><a href=\"#descente-olympique-\u00e0-cortina-d?ampezzo-(italie)--spectacle-dans-les-dolomites\"><span class=\"layer-0\">Descente olympique \u00e0 Cortina d\u2019Ampezzo (Italie) \u2013 Spectacle dans les Dolomites<\/span><\/a><a href=\"#pista-stelvio-\u00e0-bormio-(italie)--technique-et-impitoyable\"><span class=\"layer-0\">Pista Stelvio \u00e0 Bormio (Italie) \u2013 Technique et impitoyable<\/span><\/a><a href=\"#gran-risa-\u00e0-alta-badia-(italie)--un-mur-glac\u00e9-au-c?ur-de-la-for\u00eat\"><span class=\"layer-0\">Gran Risa \u00e0 Alta Badia (Italie) \u2013 Un mur glac\u00e9 au c\u0153ur de la for\u00eat<\/span><\/a><a href=\"#oreiller-killy-\u00e0-val-d?is\u00e8re-(france)--une-grande-classique\"><span class=\"layer-0\">Oreiller-Killy \u00e0 Val d\u2019Is\u00e8re (France) \u2013 Une grande classique<\/span><\/a>\n                 <\/div>\n<\/p><\/div>\n<hr>\n<h2 id=\"aper\u00e7u-des-pistes-c\u00e9l\u00e8bres-de-la-coupe-du-monde\">Aper\u00e7u des pistes c\u00e9l\u00e8bres de la Coupe du monde<\/h2>\n\n<table id=\"tablepress-94\" class=\"tablepress tablepress-id-94\">\n<thead>\n<tr class=\"row-1\">\n\t<th class=\"column-1\"><strong>Piste<\/strong><\/th><th class=\"column-2\"><strong>Domaine skiable<\/strong><\/th><th class=\"column-3\"><strong>Lieu<\/strong><\/th><th class=\"column-4\"><strong>Pays<\/strong><\/th>\n<\/tr>\n<\/thead>\n<tbody class=\"row-striping row-hover\">\n<tr class=\"row-2\">\n\t<td class=\"column-1\">Lauberhorn<\/td><td class=\"column-2\"><a href=\"https:\/\/www.snowtrex.fr\/suisse\/grindelwald\/domaine-skiable.html\" target=\"_blank\" rel=\"noopener noreferrer\">Domaine skiable Grindelwald\/First <\/a><\/td><td class=\"column-3\">Wengen<\/td><td class=\"column-4\">Suisse<\/td>\n<\/tr>\n<tr class=\"row-3\">\n\t<td class=\"column-1\">Saslong<\/td><td class=\"column-2\"><a href=\"https:\/\/www.snowtrex.fr\/italie\/val_gardena_dolomites\/domaine-skiable.html\" target=\"_blank\" rel=\"noopener noreferrer\">Domaine skiable Gr\u00f6den\/Seiser Alm<\/a><\/td><td class=\"column-3\">Gr\u00f6den<\/td><td class=\"column-4\">Italie<\/td>\n<\/tr>\n<tr class=\"row-4\">\n\t<td class=\"column-1\">Streif<\/td><td class=\"column-2\"><a href=\"https:\/\/www.snowtrex.fr\/autriche\/kitzbuhel\/domaine-skiable.html\" target=\"_blank\" rel=\"noopener noreferrer\">Domaine skiable Kitzb\u00fchel<\/a><\/td><td class=\"column-3\">Kitzb\u00fchel<\/td><td class=\"column-4\">Autriche<\/td>\n<\/tr>\n<tr class=\"row-5\">\n\t<td class=\"column-1\">Planai<\/td><td class=\"column-2\"><a href=\"https:\/\/www.snowtrex.fr\/autriche\/schladming\/domaine-skiable.html\" target=\"_blank\" rel=\"noopener noreferrer\">Domaine skiable 4-Berge-Skischaukel<\/a><\/td><td class=\"column-3\">Schladming<\/td><td class=\"column-4\">Autriche<\/td>\n<\/tr>\n<tr class=\"row-6\">\n\t<td class=\"column-1\">Kandahar<\/td><td class=\"column-2\"><a href=\"https:\/\/www.snowtrex.fr\/allemagne\/garmisch-partenkirchen\/domaine-skiable.html\" target=\"_blank\" rel=\"noopener noreferrer\">Domaine skiable Garmisch-Classic, Zugspitze<\/a><\/td><td class=\"column-3\">Garmisch-Partenkirchen<\/td><td class=\"column-4\">Allemagne<\/td>\n<\/tr>\n<tr class=\"row-7\">\n\t<td class=\"column-1\">Chuenisb\u00e4rgli<\/td><td class=\"column-2\"><a href=\"https:\/\/www.snowtrex.fr\/suisse\/adelboden\/domaine-skiable.html\" target=\"_blank\" rel=\"noopener noreferrer\">Domaine skiable Adelboden-Lenk<\/a><\/td><td class=\"column-3\">Adelboden<\/td><td class=\"column-4\">Suisse<\/td>\n<\/tr>\n<tr class=\"row-8\">\n\t<td class=\"column-1\">Descente olympique<\/td><td class=\"column-2\"><a href=\"https:\/\/www.snowtrex.fr\/italie\/cortina_dampezzo\/domaine-skiable.html\" target=\"_blank\" rel=\"noopener noreferrer\">Domaine skiable Cortina d\u2019Ampezzo<\/a><\/td><td class=\"column-3\">Cortina d\u2019Ampezzo<\/td><td class=\"column-4\">Italie<\/td>\n<\/tr>\n<tr class=\"row-9\">\n\t<td class=\"column-1\">Pista Stelvio<\/td><td class=\"column-2\"><a href=\"https:\/\/www.snowtrex.fr\/italie\/bormio\/domaine-skiable.html\" target=\"_blank\" rel=\"noopener noreferrer\">Domaine skiable Bormio<\/a><\/td><td class=\"column-3\">Bormio<\/td><td class=\"column-4\">Italie<\/td>\n<\/tr>\n<tr class=\"row-10\">\n\t<td class=\"column-1\">Gran Risa<\/td><td class=\"column-2\"><a href=\"https:\/\/www.snowtrex.fr\/italie\/corvara\/domaine-skiable.html\" target=\"_blank\" rel=\"noopener noreferrer\">Domaine skiable Alta Badia<\/a><\/td><td class=\"column-3\">Alta Badia<\/td><td class=\"column-4\">Italie<\/td>\n<\/tr>\n<tr class=\"row-11\">\n\t<td class=\"column-1\">Oreiller-Killy<\/td><td class=\"column-2\"><a href=\"https:\/\/www.snowtrex.fr\/france\/val_disere\/domaine-skiable.html\" target=\"_blank\" rel=\"noopener noreferrer\">Domaine skiable Tignes \u2013 Val d\u2019Is\u00e8re<\/a><\/td><td class=\"column-3\">Val d\u2019Is\u00e8re<\/td><td class=\"column-4\">France<\/td>\n<\/tr>\n<\/tbody>\n<\/table>\n\n<h2 id=\"lauberhorn-\u00e0-wengen-(suisse)--la-descente-la-plus-longue\">Lauberhorn \u00e0 Wengen (Suisse) \u2013 La descente la plus longue<\/h2>\n<p>Avec pr\u00e8s de 4,5 km, la piste du Lauberhorn, \u00e0\u00a0<a style=\"border-left-width: 0px\" href=\"https:\/\/www.snowtrex.fr\/suisse\/wengen\/sejour-ski.html\" target=\"_blank\" rel=\"noopener\">Wengen<\/a>, est la plus longue descente du circuit de la Coupe du monde. C\u2019est \u00e9galement ici que les vitesses moyennes les plus \u00e9lev\u00e9es sont enregistr\u00e9es. La pente maximale atteint 42 %, ce qui reste moins abrupt que sur d\u2019autres trac\u00e9s. En revanche, la longueur et les sections techniques rendent la course particuli\u00e8rement exigeante. Avec la spectaculaire face nord de l\u2019Eiger en toile de fond, la piste est c\u00e9l\u00e8bre pour le passage \u00e9troit du Hundschopf, o\u00f9 les coureurs franchissent un goulet encaiss\u00e9 entre deux rochers. Parmi les autres sections mythiques figurent le Minschkante, le Canadian Corner et le S final, qui demande un ultime effort avant l\u2019arriv\u00e9e.<\/p>\n<h2 id=\"saslong-\u00e0-val-gardena-(italie)--des-sauts-spectaculaires\">Saslong \u00e0 Val Gardena (Italie) \u2013 Des sauts spectaculaires<\/h2>\n<p data-start=\"1925\" data-end=\"2073\">Situ\u00e9e au pied du Sassolungo, la Saslong est r\u00e9put\u00e9e pour ses c\u00e9l\u00e8bres \u00ab bosses de chameau \u00bb, l\u2019un des passages les plus embl\u00e9matiques du circuit. Au milieu du trac\u00e9 se trouve une combinaison de trois bosses, autrefois appel\u00e9e \u00ab saut du kangourou \u00bb. Les deuxi\u00e8me et troisi\u00e8me sauts sont particuli\u00e8rement d\u00e9licats \u00e0 n\u00e9gocier. Apr\u00e8s cette section a\u00e9rienne, les ondulations de la prairie de Ciaslat mettent les cuisses des coureurs \u00e0 rude \u00e9preuve. Fait int\u00e9ressant : dans les premi\u00e8res ann\u00e9es, les skieurs portant des dossards \u00e9lev\u00e9s \u00e9taient avantag\u00e9s. L\u2019apr\u00e8s-midi, le soleil apparaissait derri\u00e8re le Sassolungo et rendait la neige plus rapide. Ce d\u00e9s\u00e9quilibre a toutefois \u00e9t\u00e9 corrig\u00e9 gr\u00e2ce \u00e0 une adaptation des horaires de d\u00e9part.<\/p>\n<h2 id=\"streif-\u00e0-kitzb\u00fchel-(autriche)--jusqu'\u00e0-85-%-de-pente\">Streif \u00e0 Kitzb\u00fchel (Autriche) \u2013 Jusqu&rsquo;\u00e0 85 % de pente<\/h2>\n<p>La Streif est sans doute la descente la plus c\u00e9l\u00e8bre \u2014 et l\u2019une des plus redout\u00e9es \u2014 au monde. Chaque ann\u00e9e, la course du Hahnenkamm \u00e0\u00a0<a style=\"border-left-width: 0px\" href=\"https:\/\/www.snowtrex.fr\/autriche\/kitzbuhel\/sejour-ski.html\" target=\"_blank\" rel=\"noopener\">Kitzb\u00fchel <\/a>attire non seulement les meilleurs skieurs, mais aussi de nombreuses c\u00e9l\u00e9brit\u00e9s. Pentes atteignant 85 %, sauts de pr\u00e8s de 80 m\u00e8tres, vitesses d\u00e9passant les 140 km\/h : tous les ingr\u00e9dients d\u2019une descente extr\u00eame sont r\u00e9unis. Longue de 3 312 m, la Streif combine ruptures de terrain, virages relev\u00e9s, sections de glisse rapides et passages techniques. La \u00ab Mausefalle \u00bb (le pi\u00e8ge \u00e0 souris), la Steilhang et la Hausbergkante figurent parmi les points les plus critiques. Les skieurs amateurs peuvent contourner ces sections class\u00e9es comme \u00ab itin\u00e9raire de ski extr\u00eame \u00bb. La descente rouge \u00ab Streif-Familienabfahrt \u00bb permet n\u00e9anmoins de go\u00fbter \u00e0 l\u2019atmosph\u00e8re mythique du Hahnenkamm en toute s\u00e9curit\u00e9.<\/p>\n<div class=\"tt-post-image-wrapper tt-post-image-wrapper-full\">\n            <div class=\"tt-image-copyright-container\">\n                <a href=\"https:\/\/www.snowtrex.fr\/magazine\/files\/2024\/01\/RS26617_shutterstock_248314978-scr.jpg\" target=\"_blank\" rel=\"noopener\"><img loading=\"lazy\" decoding=\"async\" data-wrapped=\"true\" class=\"wp-image-58594 size-Artikelbild_gro\u00df\" title=\"C\u2019est dans la pente finale de la Streif que les athl\u00e8tes atteignent leurs vitesses maximales\" src=\"https:\/\/www.snowtrex.fr\/magazine\/files\/2024\/01\/RS26617_shutterstock_248314978-scr-729x486.jpg\" alt=\"C\u2019est dans la pente finale de la Streif que les athl\u00e8tes atteignent leurs vitesses maximales\" width=\"729\" height=\"486\" srcset=\"https:\/\/www.snowtrex.fr\/magazine\/files\/2024\/01\/RS26617_shutterstock_248314978-scr-729x486.jpg 729w, https:\/\/www.snowtrex.fr\/magazine\/files\/2024\/01\/RS26617_shutterstock_248314978-scr-468x312.jpg 468w, https:\/\/www.snowtrex.fr\/magazine\/files\/2024\/01\/RS26617_shutterstock_248314978-scr-300x200.jpg 300w, https:\/\/www.snowtrex.fr\/magazine\/files\/2024\/01\/RS26617_shutterstock_248314978-scr-999x666.jpg 999w, https:\/\/www.snowtrex.fr\/magazine\/files\/2024\/01\/RS26617_shutterstock_248314978-scr-645x430.jpg 645w, https:\/\/www.snowtrex.fr\/magazine\/files\/2024\/01\/RS26617_shutterstock_248314978-scr-552x368.jpg 552w, https:\/\/www.snowtrex.fr\/magazine\/files\/2024\/01\/RS26617_shutterstock_248314978-scr-405x270.jpg 405w, https:\/\/www.snowtrex.fr\/magazine\/files\/2024\/01\/RS26617_shutterstock_248314978-scr-336x224.jpg 336w, https:\/\/www.snowtrex.fr\/magazine\/files\/2024\/01\/RS26617_shutterstock_248314978-scr-276x184.jpg 276w, https:\/\/www.snowtrex.fr\/magazine\/files\/2024\/01\/RS26617_shutterstock_248314978-scr-234x156.jpg 234w, https:\/\/www.snowtrex.fr\/magazine\/files\/2024\/01\/RS26617_shutterstock_248314978-scr-192x128.jpg 192w, https:\/\/www.snowtrex.fr\/magazine\/files\/2024\/01\/RS26617_shutterstock_248314978-scr-120x80.jpg 120w\" sizes=\"(min-width: 1009px) 729px, (min-width: 819px) 594px, (min-width: 569px) 729px, (min-width: 449px) 468px, 348px\" \/><\/a><div class=\"tt-image-copyright\" data-image-id=\"58594\">\u00a9 bofotolux\/Shutterstock<\/div>\n            <\/div>\n            <div class=\"tt-post-caption\">C\u2019est dans la pente finale de la Streif que les athl\u00e8tes atteignent leurs vitesses maximales<\/div>\n         <\/div > \n<h2 id=\"planai-\u00e0-schladming-(autriche)--la-mythique-\u00ab-nightrace-\u00bb\">Planai \u00e0 Schladming (Autriche) \u2013 La mythique \u00ab Nightrace \u00bb<\/h2>\n<p data-start=\"3726\" data-end=\"3934\">La Planai est indissociable de la c\u00e9l\u00e8bre \u00ab Nightrace \u00bb, le slalom nocturne le plus spectaculaire du circuit. Chaque ann\u00e9e, jusqu\u2019\u00e0 60 000 spectateurs transforment l\u2019aire d\u2019arriv\u00e9e en un v\u00e9ritable chaudron. Apr\u00e8s une absence du calendrier entre 1990 et 1997, <a style=\"border-left-width: 0px\" href=\"https:\/\/www.snowtrex.fr\/autriche\/schladming\/sejour-ski.html\" target=\"_blank\" rel=\"noopener\">Schladming<\/a> est revenue durablement dans le programme de la Coupe du monde. Depuis 2001, la course nocturne se tient traditionnellement le mardi suivant le Hahnenkamm. Des sections telles que le \u00ab Holzacker \u00bb ou l\u2019\u00ab Italienerloch \u00bb t\u00e9moignent du caract\u00e8re exigeant et technique de cette piste.<\/p>\n<div class=\"tt-post-image-wrapper tt-post-image-wrapper-full\">\n            <div class=\"tt-image-copyright-container\">\n                <a href=\"https:\/\/www.snowtrex.fr\/magazine\/files\/2023\/02\/RS26675_shutterstock_1885320346-hsc.jpg\" target=\"_blank\" rel=\"noopener\"><img loading=\"lazy\" decoding=\"async\" data-wrapped=\"true\" class=\"wp-image-24 size-Artikelbild_gro\u00df\" title=\"La c\u00e9l\u00e8bre descente de Planai \u00e0 Schladming\" src=\"https:\/\/www.snowtrex.fr\/magazine\/files\/2023\/02\/RS26675_shutterstock_1885320346-hsc-729x486.jpg\" alt=\"La c\u00e9l\u00e8bre descente de Planai \u00e0 Schladming\" width=\"729\" height=\"486\" srcset=\"https:\/\/www.snowtrex.fr\/magazine\/files\/2023\/02\/RS26675_shutterstock_1885320346-hsc-729x486.jpg 729w, https:\/\/www.snowtrex.fr\/magazine\/files\/2023\/02\/RS26675_shutterstock_1885320346-hsc-290x193.jpg 290w, https:\/\/www.snowtrex.fr\/magazine\/files\/2023\/02\/RS26675_shutterstock_1885320346-hsc-728x485.jpg 728w, https:\/\/www.snowtrex.fr\/magazine\/files\/2023\/02\/RS26675_shutterstock_1885320346-hsc-768x512.jpg 768w, https:\/\/www.snowtrex.fr\/magazine\/files\/2023\/02\/RS26675_shutterstock_1885320346-hsc-1536x1024.jpg 1536w, https:\/\/www.snowtrex.fr\/magazine\/files\/2023\/02\/RS26675_shutterstock_1885320346-hsc-468x312.jpg 468w, https:\/\/www.snowtrex.fr\/magazine\/files\/2023\/02\/RS26675_shutterstock_1885320346-hsc-300x200.jpg 300w, https:\/\/www.snowtrex.fr\/magazine\/files\/2023\/02\/RS26675_shutterstock_1885320346-hsc-999x666.jpg 999w, https:\/\/www.snowtrex.fr\/magazine\/files\/2023\/02\/RS26675_shutterstock_1885320346-hsc-645x430.jpg 645w, https:\/\/www.snowtrex.fr\/magazine\/files\/2023\/02\/RS26675_shutterstock_1885320346-hsc-552x368.jpg 552w, https:\/\/www.snowtrex.fr\/magazine\/files\/2023\/02\/RS26675_shutterstock_1885320346-hsc-405x270.jpg 405w, https:\/\/www.snowtrex.fr\/magazine\/files\/2023\/02\/RS26675_shutterstock_1885320346-hsc-336x224.jpg 336w, https:\/\/www.snowtrex.fr\/magazine\/files\/2023\/02\/RS26675_shutterstock_1885320346-hsc-276x184.jpg 276w, https:\/\/www.snowtrex.fr\/magazine\/files\/2023\/02\/RS26675_shutterstock_1885320346-hsc-234x156.jpg 234w, https:\/\/www.snowtrex.fr\/magazine\/files\/2023\/02\/RS26675_shutterstock_1885320346-hsc-192x128.jpg 192w, https:\/\/www.snowtrex.fr\/magazine\/files\/2023\/02\/RS26675_shutterstock_1885320346-hsc-120x80.jpg 120w, https:\/\/www.snowtrex.fr\/magazine\/files\/2023\/02\/RS26675_shutterstock_1885320346-hsc.jpg 1920w\" sizes=\"(min-width: 1009px) 729px, (min-width: 819px) 594px, (min-width: 569px) 729px, (min-width: 449px) 468px, 348px\" \/><\/a><div class=\"tt-image-copyright\" data-image-id=\"24\">\u00a9 Dietmar Rauscher\/Shutterstock<\/div>\n            <\/div>\n            <div class=\"tt-post-caption\">La c\u00e9l\u00e8bre descente de Planai \u00e0 Schladming<\/div>\n         <\/div > \n<h2 id=\"kandahar-\u00e0-garmisch-partenkirchen-(allemagne)--la-plus-raide-du-circuit\">Kandahar \u00e0 Garmisch-Partenkirchen (Allemagne) \u2013 La plus raide du circuit<\/h2>\n<p data-start=\"382\" data-end=\"694\">La l\u00e9gendaire piste de la Kandahar, inscrite au calendrier de la Coupe du monde depuis 2009, est consid\u00e9r\u00e9e comme l\u2019une des plus raides du circuit. Avec des pentes atteignant 92 %, les skieurs doivent faire preuve d\u2019un engagement total, notamment dans la section finale surnomm\u00e9e \u00ab Freier Fall \u00bb (chute libre). Mais les autres passages ne sont pas en reste : le Tr\u00f6glhang affiche d\u00e9j\u00e0 63 % d\u2019inclinaison, permettant d\u2019atteindre pr\u00e8s de 140 km\/h peu apr\u00e8s le d\u00e9part. Le trac\u00e9 se poursuit avec le virage olympique, le saut panoramique \u2014 avec des envol\u00e9es pouvant atteindre 60 m \u2014 puis la redoutable pente glac\u00e9e. Une descente spectaculaire, r\u00e9serv\u00e9e aux skieurs solides\u2026 physiquement et mentalement.<\/p>\n<h2 id=\"chuenisb\u00e4rgli-\u00e0-adelboden-(suisse)--le-slalom-g\u00e9ant-de-r\u00e9f\u00e9rence\">Chuenisb\u00e4rgli \u00e0 Adelboden (Suisse) \u2013 Le slalom g\u00e9ant de r\u00e9f\u00e9rence<\/h2>\n<p data-start=\"1164\" data-end=\"1322\">Le slalom g\u00e9ant du Chuenisb\u00e4rgli, au-dessus d\u2019Adelboden, est consid\u00e9r\u00e9 comme l\u2019un des plus exigeants au monde \u2014 et comme une v\u00e9ritable classique du circuit. Avec Kitzb\u00fchel et Wengen, <a style=\"border-left-width: 0px\" href=\"https:\/\/www.snowtrex.fr\/suisse\/adelboden\/sejour-ski.html\" target=\"_blank\" rel=\"noopener\">Adelboden<\/a> fait partie des rares \u00e9tapes pr\u00e9sentes au calendrier presque sans interruption depuis la cr\u00e9ation de la Coupe du monde en 1967. Chaque ann\u00e9e, environ 40 000 spectateurs envahissent cette station de 3 500 habitants. Les pentes de d\u00e9part et d\u2019arriv\u00e9e sont particuli\u00e8rement abruptes, et le trac\u00e9 impose un rythme soutenu du haut en bas. Sur cette montagne embl\u00e9matique, plusieurs variantes existent, utilis\u00e9es pour la Coupe du monde, la Coupe d\u2019Europe et d\u2019autres comp\u00e9titions FIS.<\/p>\n<div class=\"lyte-wrapper\" title=\"Die erfolgreichen Tage am Chuenisb&auml;rgli | Adelboden 2021\" style=\"width:853px;max-width:100%;margin:5px auto;\"><div class=\"lyMe\" id=\"WYL_XbrV88LsaA0\" itemprop=\"video\" itemscope itemtype=\"https:\/\/schema.org\/VideoObject\"><div><meta itemprop=\"thumbnailUrl\" content=\"https:\/\/www.snowtrex.fr\/magazine\/wp-content\/plugins\/wp-youtube-lyte\/lyteCache.php?origThumbUrl=https%3A%2F%2Fi.ytimg.com%2Fvi%2FXbrV88LsaA0%2Fhqdefault.jpg\" \/><meta itemprop=\"embedURL\" content=\"https:\/\/www.youtube.com\/embed\/XbrV88LsaA0\" \/><meta itemprop=\"duration\" content=\"PT2M43S\" \/><meta itemprop=\"uploadDate\" content=\"2021-01-13T14:18:43Z\" \/><\/div><div id=\"lyte_XbrV88LsaA0\" data-src=\"https:\/\/www.snowtrex.fr\/magazine\/wp-content\/plugins\/wp-youtube-lyte\/lyteCache.php?origThumbUrl=https%3A%2F%2Fi.ytimg.com%2Fvi%2FXbrV88LsaA0%2Fhqdefault.jpg\" class=\"pL\"><div class=\"tC\"><div class=\"tT\" itemprop=\"name\">Die erfolgreichen Tage am Chuenisb\u00e4rgli | Adelboden 2021<\/div><\/div><div class=\"play\"><\/div><div class=\"ctrl\"><div class=\"Lctrl\"><\/div><div class=\"Rctrl\"><\/div><\/div><\/div><noscript><a href=\"http:\/\/youtu.be\/XbrV88LsaA0\" rel=\"nofollow\"><img loading=\"lazy\" decoding=\"async\" src=\"https:\/\/www.snowtrex.fr\/magazine\/wp-content\/plugins\/wp-youtube-lyte\/lyteCache.php?origThumbUrl=http%3A%2F%2Fi.ytimg.com%2Fvi%2FXbrV88LsaA0%2F0.jpg\" alt=\"Die erfolgreichen Tage am Chuenisb&auml;rgli | Adelboden 2021\" width=\"853\" height=\"460\" \/><br \/>Lire cette vid\u00e9o sur YouTube<\/a><\/noscript><meta itemprop=\"description\" content=\"Ein R\u00fcckblick auf die erfolgreichen Tage des Swiss-Ski Alpine Teams am Chuenisb\u00e4rgli 2021. Der Audi FIS Ski Worldcup war ein spezielles Ski-Fest mit super Resultaten f\u00fcr die Schweiz. Marco Odermatt und Lo\u00efc Meillard sind in den beiden Riesenslaloms je auf den 3. Platz gefahren. Alexis Pinturault war der Dominator am Chuenisb\u00e4rgli 2021.\"><\/div><\/div><div class=\"lL\" style=\"max-width:100%;width:853px;margin:5px auto;\"><br\/><span class=\"lyte_disclaimer\">Please also note that by using our services and integrating the YouTube API Services, the <a href=\"https:\/\/www.youtube.com\/t\/terms\">YouTube Terms of Service<\/a> and the <a href=\"https:\/\/developers.google.com\/youtube\/terms\/api-services-terms-of-service-emea\">YouTube API Services Terms<\/a> apply and your use of our website is deemed to be acceptance of these terms.<\/span><\/div><\/p>\n<h2 id=\"descente-olympique-\u00e0-cortina-d?ampezzo-(italie)--spectacle-dans-les-dolomites\">Descente olympique \u00e0 Cortina d\u2019Ampezzo (Italie) \u2013 Spectacle dans les Dolomites<\/h2>\n<p>Sur la descente olympique de <a style=\"border-left-width: 0px\" href=\"https:\/\/www.snowtrex.fr\/italie\/cortina_dampezzo\/sejour-ski.html\" target=\"_blank\" rel=\"noopener\">Cortina d&rsquo;Ampezzo<\/a>,la vitesse ne doit pas faire oublier le d\u00e9cor exceptionnel. Situ\u00e9e au c\u0153ur des Dolomites, class\u00e9es au patrimoine mondial de l\u2019UNESCO, la piste offre un panorama spectaculaire gr\u00e2ce \u00e0 son exposition ensoleill\u00e9e. Le d\u00e9part se situe \u00e0 environ 2 300 md\u2019altitude, sous les sommets des Tofane. Pas de mise en jambes progressive : peu apr\u00e8s le portillon, les athl\u00e8tes s\u2019engagent dans le c\u00e9l\u00e8bre \u00ab Schuss \u00bb, o\u00f9 les vitesses peuvent atteindre 130 km\/h. Le trac\u00e9 est ensuite marqu\u00e9 par des sections tr\u00e8s raides et techniques. Un m\u00e9lange unique de beaut\u00e9 et de d\u00e9fi sportif.<\/p>\n<h2 id=\"pista-stelvio-\u00e0-bormio-(italie)--technique-et-impitoyable\">Pista Stelvio \u00e0 Bormio (Italie) \u2013 Technique et impitoyable<\/h2>\n<p>Raideur, vitesse et encha\u00eenements techniques : voil\u00e0 ce qui caract\u00e9rise la Pista Stelvio \u00e0 <a style=\"border-left-width: 0px\" href=\"https:\/\/www.snowtrex.fr\/italie\/bormio\/sejour-ski.html\" target=\"_blank\" rel=\"noopener\">Bormio<\/a>, en Italie. Traditionnellement disput\u00e9e juste avant le Nouvel An, l\u2019\u00e9preuve masculine de Bormio est l\u2019une des plus redout\u00e9es du calendrier. Le d\u00e9part, inclin\u00e9 \u00e0 63 %, est l\u2019un des plus impressionnants du circuit. Deux virages rapides m\u00e8nent au saut de la Rocca. La section cl\u00e9 reste la Traverse Carcentina, tandis que le passage le plus rapide est le \u00ab Schuss \u00bb de San Pietro, pr\u00e9c\u00e9d\u00e9 du saut du m\u00eame nom. Aim\u00e9e autant que redout\u00e9e, \u00ab La Stelvio \u00bb ne pardonne aucune erreur.<\/p>\n<h2 id=\"gran-risa-\u00e0-alta-badia-(italie)--un-mur-glac\u00e9-au-c?ur-de-la-for\u00eat\">Gran Risa \u00e0 Alta Badia (Italie) \u2013 Un mur glac\u00e9 au c\u0153ur de la for\u00eat<\/h2>\n<p>Malgr\u00e9 son nom (\u00ab le grand rire \u00bb), la Gran Risa \u00e0 <a style=\"border-left-width: 0px\" href=\"https:\/\/www.snowtrex.fr\/italie\/alta_badia\/sejour-ski.html\" target=\"_blank\" rel=\"noopener\">Alta Badia<\/a> ne pr\u00eate gu\u00e8re \u00e0 sourire. Avec des pentes atteignant 53 %, ce slalom g\u00e9ant traverse un couloir \u00e9troit au milieu d\u2019une for\u00eat de pins. En raison de son exposition majoritairement \u00e0 l\u2019ombre, la neige y est souvent dure et glac\u00e9e, ce qui rend la piste particuli\u00e8rement exigeante. Depuis 1990, Alta Badia accueille chaque ann\u00e9e une \u00e9preuve de Coupe du monde, devenue incontournable pour les sp\u00e9cialistes du g\u00e9ant.<\/p>\n<div class=\"lyte-wrapper\" title=\"Marcel Hirscher in a class of his own in Giant Slalom at Alta Badia | Highlights\" style=\"width:853px;max-width:100%;margin:5px auto;\"><div class=\"lyMe\" id=\"WYL_EGuu9yKoQBM\" itemprop=\"video\" itemscope itemtype=\"https:\/\/schema.org\/VideoObject\"><div><meta itemprop=\"thumbnailUrl\" content=\"https:\/\/www.snowtrex.fr\/magazine\/wp-content\/plugins\/wp-youtube-lyte\/lyteCache.php?origThumbUrl=https%3A%2F%2Fi.ytimg.com%2Fvi%2FEGuu9yKoQBM%2Fhqdefault.jpg\" \/><meta itemprop=\"embedURL\" content=\"https:\/\/www.youtube.com\/embed\/EGuu9yKoQBM\" \/><meta itemprop=\"duration\" content=\"PT1M49S\" \/><meta itemprop=\"uploadDate\" content=\"2017-12-17T13:42:10Z\" \/><\/div><div id=\"lyte_EGuu9yKoQBM\" data-src=\"https:\/\/www.snowtrex.fr\/magazine\/wp-content\/plugins\/wp-youtube-lyte\/lyteCache.php?origThumbUrl=https%3A%2F%2Fi.ytimg.com%2Fvi%2FEGuu9yKoQBM%2Fhqdefault.jpg\" class=\"pL\"><div class=\"tC\"><div class=\"tT\" itemprop=\"name\">Marcel Hirscher in a class of his own in Giant Slalom at Alta Badia | Highlights<\/div><\/div><div class=\"play\"><\/div><div class=\"ctrl\"><div class=\"Lctrl\"><\/div><div class=\"Rctrl\"><\/div><\/div><\/div><noscript><a href=\"http:\/\/youtu.be\/EGuu9yKoQBM\" rel=\"nofollow\"><img loading=\"lazy\" decoding=\"async\" src=\"https:\/\/www.snowtrex.fr\/magazine\/wp-content\/plugins\/wp-youtube-lyte\/lyteCache.php?origThumbUrl=http%3A%2F%2Fi.ytimg.com%2Fvi%2FEGuu9yKoQBM%2F0.jpg\" alt=\"Marcel Hirscher in a class of his own in Giant Slalom at Alta Badia | Highlights\" width=\"853\" height=\"460\" \/><br \/>Lire cette vid\u00e9o sur YouTube<\/a><\/noscript><meta itemprop=\"description\" content=\"The Austrian phenom dominated both runs on the Gran Risa slope to take a record fifth straight win in the Alta Badia GS. Hirscher ends up with a massive 1.70 seconds ahead of Norwegian rival Henrik Kristoffersen, with Zan Kranjec of Slovenia 1.82 behind in third. Hirscher also breaks a tie with Italian great Alberto Tomba \u2014 the pair had four GS wins each on this challenging course. Full results here: http:\/\/www.fis-ski.com\/alpine-skiing\/events-and-places\/event=40890\/race=90978\/?season=2018&amp;discipline=&amp;gender=all&amp;race_id=90980&amp;sector=AL For further information about FIS Alpine visit: http:\/\/www.fis-ski.com\/alpine-skiing\/ Follow us on Social Media: https:\/\/www.facebook.com\/fisalpine https:\/\/twitter.com\/fisalpine https:\/\/www.instagram.com\/fisalpine\"><\/div><\/div><div class=\"lL\" style=\"max-width:100%;width:853px;margin:5px auto;\"><br\/><span class=\"lyte_disclaimer\">Please also note that by using our services and integrating the YouTube API Services, the <a href=\"https:\/\/www.youtube.com\/t\/terms\">YouTube Terms of Service<\/a> and the <a href=\"https:\/\/developers.google.com\/youtube\/terms\/api-services-terms-of-service-emea\">YouTube API Services Terms<\/a> apply and your use of our website is deemed to be acceptance of these terms.<\/span><\/div><\/p>\n<h2 id=\"oreiller-killy-\u00e0-val-d?is\u00e8re-(france)--une-grande-classique\">Oreiller-Killy \u00e0 Val d\u2019Is\u00e8re (France) \u2013 Une grande classique<\/h2>\n<p data-start=\"3779\" data-end=\"4016\">Nomm\u00e9e en hommage aux l\u00e9gendes fran\u00e7aises Henri Oreiller et Jean-Claude Killy, la piste Oreiller-Killy (O.K.) fait partie des grandes classiques du circuit, aux c\u00f4t\u00e9s de la Saslong, du Lauberhorn, de la Streif ou encore de la Kandahar. Con\u00e7ue pour les Jeux olympiques d&rsquo;Albertville en 1992, elle accueille aujourd&rsquo;hui les \u00e9preuves f\u00e9minines, tandis que les hommes s\u2019\u00e9lancent sur la Face de Bellevarde. Depuis la saison 1968\/69, le Crit\u00e9rium de la Premi\u00e8re Neige de <a style=\"border-left-width: 0px\" href=\"https:\/\/www.snowtrex.fr\/france\/val_disere\/sejour-ski.html\" target=\"_blank\" rel=\"noopener\">Val d&rsquo;Is\u00e8re<\/a> &#8211; fait partie de la Coupe du monde.<\/p>\n<div class=\"lyte-wrapper\" title=\"Highlights | Jansrud makes Val d&amp;#039;Isere his own | FIS Alpine\" style=\"width:853px;max-width:100%;margin:5px auto;\"><div class=\"lyMe\" id=\"WYL_RcNAMvwsQfU\" itemprop=\"video\" itemscope itemtype=\"https:\/\/schema.org\/VideoObject\"><div><meta itemprop=\"thumbnailUrl\" content=\"https:\/\/www.snowtrex.fr\/magazine\/wp-content\/plugins\/wp-youtube-lyte\/lyteCache.php?origThumbUrl=https%3A%2F%2Fi.ytimg.com%2Fvi%2FRcNAMvwsQfU%2Fhqdefault.jpg\" \/><meta itemprop=\"embedURL\" content=\"https:\/\/www.youtube.com\/embed\/RcNAMvwsQfU\" \/><meta itemprop=\"duration\" content=\"PT1M35S\" \/><meta itemprop=\"uploadDate\" content=\"2016-12-03T12:39:10Z\" \/><\/div><div id=\"lyte_RcNAMvwsQfU\" data-src=\"https:\/\/www.snowtrex.fr\/magazine\/wp-content\/plugins\/wp-youtube-lyte\/lyteCache.php?origThumbUrl=https%3A%2F%2Fi.ytimg.com%2Fvi%2FRcNAMvwsQfU%2Fhqdefault.jpg\" class=\"pL\"><div class=\"tC\"><div class=\"tT\" itemprop=\"name\">Highlights | Jansrud makes Val d&#039;Isere his own | FIS Alpine<\/div><\/div><div class=\"play\"><\/div><div class=\"ctrl\"><div class=\"Lctrl\"><\/div><div class=\"Rctrl\"><\/div><\/div><\/div><noscript><a href=\"http:\/\/youtu.be\/RcNAMvwsQfU\" rel=\"nofollow\"><img loading=\"lazy\" decoding=\"async\" src=\"https:\/\/www.snowtrex.fr\/magazine\/wp-content\/plugins\/wp-youtube-lyte\/lyteCache.php?origThumbUrl=http%3A%2F%2Fi.ytimg.com%2Fvi%2FRcNAMvwsQfU%2F0.jpg\" alt=\"Highlights | Jansrud makes Val d&amp;#039;Isere his own | FIS Alpine\" width=\"853\" height=\"460\" \/><br \/>Lire cette vid\u00e9o sur YouTube<\/a><\/noscript><meta itemprop=\"description\" content=\"The first World Cup downhill hosted by the French resort in 10 seasons was a complete triumph for the 31-year-old from Stavanger. Jansrud was 0.26 seconds faster than Peter Fill down the 3.4-kilometer Oreiller-Killy course. Aksel Lund Svindal was third, trailing 0.33 behind his teammate. For further information about FIS Alpine visit: http:\/\/www.fis-ski.com\/alpine-skiing\/ Follow us on Social Media: https:\/\/www.facebook.com\/fisalpine https:\/\/twitter.com\/fisalpine https:\/\/www.instagram.com\/fisalpine\"><\/div><\/div><div class=\"lL\" style=\"max-width:100%;width:853px;margin:5px auto;\"><br\/><span class=\"lyte_disclaimer\">Please also note that by using our services and integrating the YouTube API Services, the <a href=\"https:\/\/www.youtube.com\/t\/terms\">YouTube Terms of Service<\/a> and the <a href=\"https:\/\/developers.google.com\/youtube\/terms\/api-services-terms-of-service-emea\">YouTube API Services Terms<\/a> apply and your use of our website is deemed to be acceptance of these terms.<\/span><\/div><\/p>\n<p data-start=\"4344\" data-end=\"4446\">Faut-il \u00eatre un athl\u00e8te de haut niveau pour s\u2019\u00e9lancer sur ces pistes mythiques ? Pas n\u00e9cessairement. En comp\u00e9tition, c\u2019est avant tout la pr\u00e9paration extr\u00eame et le trac\u00e9 sp\u00e9cifique qui rendent ces parcours si redoutables. En conditions normales, de nombreuses sections restent accessibles aux skieurs amateurs confirm\u00e9s. \u00c0 chacun donc de se lancer dans son propre \u00ab tour de Coupe du monde \u00bb \u2014 \u00e0 son rythme, et sans la pression du chronom\u00e8tre.<\/p>\n","protected":false},"excerpt":{"rendered":"<p>Chaque ann\u00e9e, en automne, l&rsquo;\u00e9lite du ski se lance dans le circuit de la Coupe du monde. Les pistes que les professionnels de la course d\u00e9valent sont consid\u00e9r\u00e9es comme une \u00e9preuve de courage pour tous les amateurs de sports d&rsquo;hiver ambitieux. SnowTrex a rassembl\u00e9 les pistes les plus c\u00e9l\u00e8bres de la Coupe du monde, qui sont \u00e9galement praticables par les non-professionnels. Qui osera s&rsquo;attaquer \u00e0 l&rsquo;une de ces pistes ?<\/p>\n","protected":false},"author":176,"featured_media":223,"comment_status":"closed","ping_status":"closed","sticky":false,"template":"","format":"standard","meta":{"footnotes":""},"categories":[4],"tags":[13,853,767,766,796,747,704,14,743,744,16,712,18,708,24,789,745,718,31,719,714,30,706,503,707,701,757,727,711,759,674,746,35,194],"class_list":["post-58516","post","type-post","status-publish","format-standard","has-post-thumbnail","hentry","category-stations-de-ski","tag-adelboden","tag-adelboden-lenk","tag-allemagne","tag-alpes-bavaroises","tag-alpes_de_kitzbuhel","tag-alta_badia","tag-autriche","tag-bormio","tag-cadore","tag-cortina_dampezzo","tag-corvara","tag-france","tag-garmisch-partenkirchen","tag-italie","tag-kitzbuhel","tag-la-val-wengen","tag-lombardie","tag-oberland-bernois","tag-pedraces","tag-region_de_la_jungfrau","tag-savoie","tag-schladming","tag-schladming-dachstein","tag-sondrio","tag-styrie","tag-suisse","tag-tignes-val-disere","tag-tyrol","tag-tyrol-du-sud","tag-val_disere","tag-val_gardena","tag-venetie","tag-wengen","tag-zugspitze"],"yoast_head":"<!-- This site is optimized with the Yoast SEO Premium plugin v27.3 (Yoast SEO v27.3) - https:\/\/yoast.com\/product\/yoast-seo-premium-wordpress\/ -->\n<title>Pistes c\u00e9l\u00e8bres de la Coupe du monde - Du Kandahar \u00e0 la Streif<\/title>\n<meta name=\"description\" content=\"SnowTrex a rassembl\u00e9 les pistes de Coupe du monde les plus c\u00e9l\u00e8bres, qui sont \u00e9galement praticables par les non-professionnels. Qui osera ?\" \/>\n<meta name=\"robots\" content=\"index, follow, max-snippet:-1, max-image-preview:large, max-video-preview:-1\" \/>\n<link rel=\"canonical\" href=\"https:\/\/www.snowtrex.fr\/magazine\/stations-de-ski\/celebres-pistes-de-coupe-du-monde\/\" \/>\n<meta property=\"og:locale\" content=\"fr_FR\" \/>\n<meta property=\"og:type\" content=\"article\" \/>\n<meta property=\"og:title\" content=\"Sur les traces des pros : les pistes mythiques de la Coupe du monde\" \/>\n<meta property=\"og:description\" content=\"Chaque ann\u00e9e, en automne, l&#039;\u00e9lite du ski se lance dans le circuit de la Coupe du monde. Les pistes que les professionnels de la course d\u00e9valent sont consid\u00e9r\u00e9es comme une \u00e9preuve de courage pour tous les amateurs de sports d&#039;hiver ambitieux. SnowTrex a rassembl\u00e9 les pistes les plus c\u00e9l\u00e8bres de la Coupe du monde, qui sont \u00e9galement praticables par les non-professionnels. Qui osera s&#039;attaquer \u00e0 l&#039;une de ces pistes ?\" \/>\n<meta property=\"og:url\" content=\"https:\/\/www.snowtrex.fr\/magazine\/stations-de-ski\/celebres-pistes-de-coupe-du-monde\/\" \/>\n<meta property=\"og:site_name\" content=\"SnowTrex Ski Magazine\" \/>\n<meta property=\"article:publisher\" content=\"https:\/\/www.facebook.com\/SnowTrex.de\/\" \/>\n<meta property=\"article:author\" content=\"https:\/\/www.facebook.com\/snowtrex\/\" \/>\n<meta property=\"article:published_time\" content=\"2025-04-03T11:29:37+00:00\" \/>\n<meta property=\"article:modified_time\" content=\"2026-02-13T13:10:49+00:00\" \/>\n<meta property=\"og:image\" content=\"https:\/\/www.snowtrex.fr\/magazine\/files\/2023\/02\/RS26604_shutterstock_1401745709-scr.jpg\" \/>\n\t<meta property=\"og:image:width\" content=\"1440\" \/>\n\t<meta property=\"og:image:height\" content=\"960\" \/>\n\t<meta property=\"og:image:type\" content=\"image\/jpeg\" \/>\n<meta name=\"author\" content=\"SnowTrex\" \/>\n<meta name=\"twitter:label1\" content=\"\u00c9crit par\" \/>\n\t<meta name=\"twitter:data1\" content=\"SnowTrex\" \/>\n\t<meta name=\"twitter:label2\" content=\"Dur\u00e9e de lecture estim\u00e9e\" \/>\n\t<meta name=\"twitter:data2\" content=\"8 minutes\" \/>\n<script type=\"application\/ld+json\" class=\"yoast-schema-graph\">{\"@context\":\"https:\\\/\\\/schema.org\",\"@graph\":[{\"@type\":\"Article\",\"@id\":\"http:\\\/\\\/wp-magazin.snowtrex.fr\\\/stations-de-ski\\\/celebres-pistes-de-coupe-du-monde\\\/#article\",\"isPartOf\":{\"@id\":\"http:\\\/\\\/wp-magazin.snowtrex.fr\\\/stations-de-ski\\\/celebres-pistes-de-coupe-du-monde\\\/\"},\"author\":{\"name\":\"SnowTrex\",\"@id\":\"http:\\\/\\\/wp-magazin.snowtrex.fr\\\/#\\\/schema\\\/person\\\/44788d5521abaf7587d53e11859fb827\"},\"headline\":\"Sur les traces des pros : les pistes mythiques de la Coupe du monde\",\"datePublished\":\"2025-04-03T11:29:37+00:00\",\"dateModified\":\"2026-02-13T13:10:49+00:00\",\"mainEntityOfPage\":{\"@id\":\"http:\\\/\\\/wp-magazin.snowtrex.fr\\\/stations-de-ski\\\/celebres-pistes-de-coupe-du-monde\\\/\"},\"wordCount\":1486,\"publisher\":{\"@id\":\"http:\\\/\\\/wp-magazin.snowtrex.fr\\\/#organization\"},\"image\":{\"@id\":\"http:\\\/\\\/wp-magazin.snowtrex.fr\\\/stations-de-ski\\\/celebres-pistes-de-coupe-du-monde\\\/#primaryimage\"},\"thumbnailUrl\":\"http:\\\/\\\/wp-magazin.snowtrex.fr\\\/files\\\/2023\\\/02\\\/RS26604_shutterstock_1401745709-scr.jpg\",\"keywords\":[\"Adelboden\",\"Adelboden-Lenk\",\"Allemagne\",\"Alpes bavaroises\",\"Alpes de Kitzb\u00fchel\",\"Alta Badia\",\"Autriche\",\"Bormio\",\"Cadore\",\"Cortina d'Ampezzo\",\"Corvara\",\"France\",\"Garmisch-Partenkirchen\",\"Italie\",\"Kitzb\u00fchel\",\"La Val - Wengen\",\"Lombardie\",\"Oberland bernois\",\"Pedraces\",\"R\u00e9gion de la Jungfrau\",\"Savoie\",\"Schladming\",\"Schladming-Dachstein\",\"Sondrio\",\"Styrie\",\"Suisse\",\"Tignes \u2013 Val d\u2019Is\u00e8re\",\"Tyrol\",\"Tyrol du Sud\",\"Val d'Is\u00e8re\",\"Val Gardena\",\"V\u00e9n\u00e9tie\",\"Wengen\",\"Zugspitze\"],\"articleSection\":[\"Stations de ski\"],\"inLanguage\":\"fr-FR\"},{\"@type\":\"WebPage\",\"@id\":\"http:\\\/\\\/wp-magazin.snowtrex.fr\\\/stations-de-ski\\\/celebres-pistes-de-coupe-du-monde\\\/\",\"url\":\"http:\\\/\\\/wp-magazin.snowtrex.fr\\\/stations-de-ski\\\/celebres-pistes-de-coupe-du-monde\\\/\",\"name\":\"Pistes c\u00e9l\u00e8bres de la Coupe du monde - Du Kandahar \u00e0 la Streif\",\"primaryImageOfPage\":{\"@id\":\"http:\\\/\\\/wp-magazin.snowtrex.fr\\\/stations-de-ski\\\/celebres-pistes-de-coupe-du-monde\\\/#primaryimage\"},\"image\":{\"@id\":\"http:\\\/\\\/wp-magazin.snowtrex.fr\\\/stations-de-ski\\\/celebres-pistes-de-coupe-du-monde\\\/#primaryimage\"},\"thumbnailUrl\":\"http:\\\/\\\/wp-magazin.snowtrex.fr\\\/files\\\/2023\\\/02\\\/RS26604_shutterstock_1401745709-scr.jpg\",\"datePublished\":\"2025-04-03T11:29:37+00:00\",\"dateModified\":\"2026-02-13T13:10:49+00:00\",\"description\":\"SnowTrex a rassembl\u00e9 les pistes de Coupe du monde les plus c\u00e9l\u00e8bres, qui sont \u00e9galement praticables par les non-professionnels. Qui osera ?\",\"inLanguage\":\"fr-FR\"},{\"@type\":\"ImageObject\",\"inLanguage\":\"fr-FR\",\"@id\":\"http:\\\/\\\/wp-magazin.snowtrex.fr\\\/stations-de-ski\\\/celebres-pistes-de-coupe-du-monde\\\/#primaryimage\",\"url\":\"http:\\\/\\\/wp-magazin.snowtrex.fr\\\/files\\\/2023\\\/02\\\/RS26604_shutterstock_1401745709-scr.jpg\",\"contentUrl\":\"http:\\\/\\\/wp-magazin.snowtrex.fr\\\/files\\\/2023\\\/02\\\/RS26604_shutterstock_1401745709-scr.jpg\",\"width\":1440,\"height\":960},{\"@type\":\"WebSite\",\"@id\":\"http:\\\/\\\/wp-magazin.snowtrex.fr\\\/#website\",\"url\":\"http:\\\/\\\/wp-magazin.snowtrex.fr\\\/\",\"name\":\"SnowTrex Ski Magazine\",\"description\":\"Tout sur le ski, le snowboard et les vacances d&#039;hiver !\",\"publisher\":{\"@id\":\"http:\\\/\\\/wp-magazin.snowtrex.fr\\\/#organization\"},\"inLanguage\":\"fr-FR\"},{\"@type\":\"Organization\",\"@id\":\"http:\\\/\\\/wp-magazin.snowtrex.fr\\\/#organization\",\"name\":\"TravelTrex GmbH\",\"url\":\"http:\\\/\\\/wp-magazin.snowtrex.fr\\\/\",\"logo\":{\"@type\":\"ImageObject\",\"inLanguage\":\"fr-FR\",\"@id\":\"http:\\\/\\\/wp-magazin.snowtrex.fr\\\/#\\\/schema\\\/logo\\\/image\\\/\",\"url\":\"http:\\\/\\\/wp-magazin.snowtrex.fr\\\/files\\\/2025\\\/09\\\/TravelTrex-Logo_RGB_transp.png\",\"contentUrl\":\"http:\\\/\\\/wp-magazin.snowtrex.fr\\\/files\\\/2025\\\/09\\\/TravelTrex-Logo_RGB_transp.png\",\"width\":1080,\"height\":282,\"caption\":\"TravelTrex GmbH\"},\"image\":{\"@id\":\"http:\\\/\\\/wp-magazin.snowtrex.fr\\\/#\\\/schema\\\/logo\\\/image\\\/\"},\"sameAs\":[\"https:\\\/\\\/www.facebook.com\\\/SnowTrex.de\\\/\",\"https:\\\/\\\/www.instagram.com\\\/snowtrex_ski\\\/\"],\"description\":\"Depuis 1999, SnowTrex est le premier voyagiste allemand sp\u00e9cialis\u00e9 dans les vacances au ski. L'entreprise commercialise ses offres en 13 langues et accueille chaque ann\u00e9e plus de 100 000 clients dans des destinations pris\u00e9es telles que l'Autriche, la France, l'Italie, la Suisse et l'Allemagne.\",\"email\":\"info-fr@snowtrex.com\",\"telephone\":\"08 05 22 06 10\",\"legalName\":\"TravelTrex GmbH\",\"foundingDate\":\"1999-07-01\",\"vatID\":\"DE 813 076 768\",\"numberOfEmployees\":{\"@type\":\"QuantitativeValue\",\"minValue\":\"51\",\"maxValue\":\"200\"}},{\"@type\":\"Person\",\"@id\":\"http:\\\/\\\/wp-magazin.snowtrex.fr\\\/#\\\/schema\\\/person\\\/44788d5521abaf7587d53e11859fb827\",\"name\":\"SnowTrex\",\"description\":\"La r\u00e9daction du magazine SnowTrex r\u00e9unit des amateurs de sports d'hiver exp\u00e9riment\u00e9s et des experts en voyages qui mettent leur passion au service d'articles approfondis sur les stations de ski, l'\u00e9quipement et les conseils de voyage. Depuis 1999, SnowTrex est le premier voyagiste allemand sp\u00e9cialis\u00e9 dans les vacances au ski. L'entreprise commercialise ses offres en 13 langues et emm\u00e8ne chaque ann\u00e9e plus de 100 000 clients vers des destinations pris\u00e9es telles que l'Autriche, la France, l'Italie, la Suisse et l'Allemagne.\",\"sameAs\":[\"https:\\\/\\\/www.snowtrex.fr\\\/\",\"https:\\\/\\\/www.facebook.com\\\/snowtrex\\\/\",\"https:\\\/\\\/www.instagram.com\\\/snowtrex_ski\\\/\",\"https:\\\/\\\/www.youtube.com\\\/c\\\/SnowTrex\"]}]}<\/script>\n<!-- \/ Yoast SEO Premium plugin. -->","yoast_head_json":{"title":"Pistes c\u00e9l\u00e8bres de la Coupe du monde - Du Kandahar \u00e0 la Streif","description":"SnowTrex a rassembl\u00e9 les pistes de Coupe du monde les plus c\u00e9l\u00e8bres, qui sont \u00e9galement praticables par les non-professionnels. Qui osera ?","robots":{"index":"index","follow":"follow","max-snippet":"max-snippet:-1","max-image-preview":"max-image-preview:large","max-video-preview":"max-video-preview:-1"},"canonical":"https:\/\/www.snowtrex.fr\/magazine\/stations-de-ski\/celebres-pistes-de-coupe-du-monde\/","og_locale":"fr_FR","og_type":"article","og_title":"Sur les traces des pros : les pistes mythiques de la Coupe du monde","og_description":"Chaque ann\u00e9e, en automne, l'\u00e9lite du ski se lance dans le circuit de la Coupe du monde. Les pistes que les professionnels de la course d\u00e9valent sont consid\u00e9r\u00e9es comme une \u00e9preuve de courage pour tous les amateurs de sports d'hiver ambitieux. SnowTrex a rassembl\u00e9 les pistes les plus c\u00e9l\u00e8bres de la Coupe du monde, qui sont \u00e9galement praticables par les non-professionnels. Qui osera s'attaquer \u00e0 l'une de ces pistes ?","og_url":"https:\/\/www.snowtrex.fr\/magazine\/stations-de-ski\/celebres-pistes-de-coupe-du-monde\/","og_site_name":"SnowTrex Ski Magazine","article_publisher":"https:\/\/www.facebook.com\/SnowTrex.de\/","article_author":"https:\/\/www.facebook.com\/snowtrex\/","article_published_time":"2025-04-03T11:29:37+00:00","article_modified_time":"2026-02-13T13:10:49+00:00","og_image":[{"width":1440,"height":960,"url":"https:\/\/www.snowtrex.fr\/magazine\/files\/2023\/02\/RS26604_shutterstock_1401745709-scr.jpg","type":"image\/jpeg"}],"author":"SnowTrex","twitter_misc":{"\u00c9crit par":"SnowTrex","Dur\u00e9e de lecture estim\u00e9e":"8 minutes"},"schema":{"@context":"https:\/\/schema.org","@graph":[{"@type":"Article","@id":"https:\/\/www.snowtrex.fr\/magazine\/stations-de-ski\/celebres-pistes-de-coupe-du-monde\/#article","isPartOf":{"@id":"https:\/\/www.snowtrex.fr\/magazine\/stations-de-ski\/celebres-pistes-de-coupe-du-monde\/"},"author":{"name":"SnowTrex","@id":"https:\/\/www.snowtrex.fr\/magazine\/#\/schema\/person\/44788d5521abaf7587d53e11859fb827"},"headline":"Sur les traces des pros : les pistes mythiques de la Coupe du monde","datePublished":"2025-04-03T11:29:37+00:00","dateModified":"2026-02-13T13:10:49+00:00","mainEntityOfPage":{"@id":"https:\/\/www.snowtrex.fr\/magazine\/stations-de-ski\/celebres-pistes-de-coupe-du-monde\/"},"wordCount":1486,"publisher":{"@id":"https:\/\/www.snowtrex.fr\/magazine\/#organization"},"image":{"@id":"https:\/\/www.snowtrex.fr\/magazine\/stations-de-ski\/celebres-pistes-de-coupe-du-monde\/#primaryimage"},"thumbnailUrl":"https:\/\/www.snowtrex.fr\/magazine\/files\/2023\/02\/RS26604_shutterstock_1401745709-scr.jpg","keywords":["Adelboden","Adelboden-Lenk","Allemagne","Alpes bavaroises","Alpes de Kitzb\u00fchel","Alta Badia","Autriche","Bormio","Cadore","Cortina d'Ampezzo","Corvara","France","Garmisch-Partenkirchen","Italie","Kitzb\u00fchel","La Val - Wengen","Lombardie","Oberland bernois","Pedraces","R\u00e9gion de la Jungfrau","Savoie","Schladming","Schladming-Dachstein","Sondrio","Styrie","Suisse","Tignes \u2013 Val d\u2019Is\u00e8re","Tyrol","Tyrol du Sud","Val d'Is\u00e8re","Val Gardena","V\u00e9n\u00e9tie","Wengen","Zugspitze"],"articleSection":["Stations de ski"],"inLanguage":"fr-FR"},{"@type":"WebPage","@id":"https:\/\/www.snowtrex.fr\/magazine\/stations-de-ski\/celebres-pistes-de-coupe-du-monde\/","url":"https:\/\/www.snowtrex.fr\/magazine\/stations-de-ski\/celebres-pistes-de-coupe-du-monde\/","name":"Pistes c\u00e9l\u00e8bres de la Coupe du monde - Du Kandahar \u00e0 la Streif","primaryImageOfPage":{"@id":"https:\/\/www.snowtrex.fr\/magazine\/stations-de-ski\/celebres-pistes-de-coupe-du-monde\/#primaryimage"},"image":{"@id":"https:\/\/www.snowtrex.fr\/magazine\/stations-de-ski\/celebres-pistes-de-coupe-du-monde\/#primaryimage"},"thumbnailUrl":"https:\/\/www.snowtrex.fr\/magazine\/files\/2023\/02\/RS26604_shutterstock_1401745709-scr.jpg","datePublished":"2025-04-03T11:29:37+00:00","dateModified":"2026-02-13T13:10:49+00:00","description":"SnowTrex a rassembl\u00e9 les pistes de Coupe du monde les plus c\u00e9l\u00e8bres, qui sont \u00e9galement praticables par les non-professionnels. Qui osera ?","inLanguage":"fr-FR"},{"@type":"ImageObject","inLanguage":"fr-FR","@id":"https:\/\/www.snowtrex.fr\/magazine\/stations-de-ski\/celebres-pistes-de-coupe-du-monde\/#primaryimage","url":"https:\/\/www.snowtrex.fr\/magazine\/files\/2023\/02\/RS26604_shutterstock_1401745709-scr.jpg","contentUrl":"https:\/\/www.snowtrex.fr\/magazine\/files\/2023\/02\/RS26604_shutterstock_1401745709-scr.jpg","width":1440,"height":960},{"@type":"WebSite","@id":"https:\/\/www.snowtrex.fr\/magazine\/#website","url":"https:\/\/www.snowtrex.fr\/magazine\/","name":"SnowTrex Ski Magazine","description":"Tout sur le ski, le snowboard et les vacances d&#039;hiver !","publisher":{"@id":"https:\/\/www.snowtrex.fr\/magazine\/#organization"},"inLanguage":"fr-FR"},{"@type":"Organization","@id":"https:\/\/www.snowtrex.fr\/magazine\/#organization","name":"TravelTrex GmbH","url":"https:\/\/www.snowtrex.fr\/magazine\/","logo":{"@type":"ImageObject","inLanguage":"fr-FR","@id":"https:\/\/www.snowtrex.fr\/magazine\/#\/schema\/logo\/image\/","url":"https:\/\/www.snowtrex.fr\/magazine\/files\/2025\/09\/TravelTrex-Logo_RGB_transp.png","contentUrl":"https:\/\/www.snowtrex.fr\/magazine\/files\/2025\/09\/TravelTrex-Logo_RGB_transp.png","width":1080,"height":282,"caption":"TravelTrex GmbH"},"image":{"@id":"https:\/\/www.snowtrex.fr\/magazine\/#\/schema\/logo\/image\/"},"sameAs":["https:\/\/www.facebook.com\/SnowTrex.de\/","https:\/\/www.instagram.com\/snowtrex_ski\/"],"description":"Depuis 1999, SnowTrex est le premier voyagiste allemand sp\u00e9cialis\u00e9 dans les vacances au ski. L'entreprise commercialise ses offres en 13 langues et accueille chaque ann\u00e9e plus de 100 000 clients dans des destinations pris\u00e9es telles que l'Autriche, la France, l'Italie, la Suisse et l'Allemagne.","email":"info-fr@snowtrex.com","telephone":"08 05 22 06 10","legalName":"TravelTrex GmbH","foundingDate":"1999-07-01","vatID":"DE 813 076 768","numberOfEmployees":{"@type":"QuantitativeValue","minValue":"51","maxValue":"200"}},{"@type":"Person","@id":"https:\/\/www.snowtrex.fr\/magazine\/#\/schema\/person\/44788d5521abaf7587d53e11859fb827","name":"SnowTrex","description":"La r\u00e9daction du magazine SnowTrex r\u00e9unit des amateurs de sports d'hiver exp\u00e9riment\u00e9s et des experts en voyages qui mettent leur passion au service d'articles approfondis sur les stations de ski, l'\u00e9quipement et les conseils de voyage. Depuis 1999, SnowTrex est le premier voyagiste allemand sp\u00e9cialis\u00e9 dans les vacances au ski. L'entreprise commercialise ses offres en 13 langues et emm\u00e8ne chaque ann\u00e9e plus de 100 000 clients vers des destinations pris\u00e9es telles que l'Autriche, la France, l'Italie, la Suisse et l'Allemagne.","sameAs":["https:\/\/www.snowtrex.fr\/","https:\/\/www.facebook.com\/snowtrex\/","https:\/\/www.instagram.com\/snowtrex_ski\/","https:\/\/www.youtube.com\/c\/SnowTrex"]}]}},"wp-worthy-pixel":{"ignored":false,"public":null,"server":null,"url":null},"wp-worthy-type":"normal","_links":{"self":[{"href":"https:\/\/www.snowtrex.fr\/magazine\/wp-json\/wp\/v2\/posts\/58516","targetHints":{"allow":["GET"]}}],"collection":[{"href":"https:\/\/www.snowtrex.fr\/magazine\/wp-json\/wp\/v2\/posts"}],"about":[{"href":"https:\/\/www.snowtrex.fr\/magazine\/wp-json\/wp\/v2\/types\/post"}],"author":[{"embeddable":true,"href":"https:\/\/www.snowtrex.fr\/magazine\/wp-json\/wp\/v2\/users\/176"}],"replies":[{"embeddable":true,"href":"https:\/\/www.snowtrex.fr\/magazine\/wp-json\/wp\/v2\/comments?post=58516"}],"version-history":[{"count":11,"href":"https:\/\/www.snowtrex.fr\/magazine\/wp-json\/wp\/v2\/posts\/58516\/revisions"}],"predecessor-version":[{"id":63341,"href":"https:\/\/www.snowtrex.fr\/magazine\/wp-json\/wp\/v2\/posts\/58516\/revisions\/63341"}],"wp:featuredmedia":[{"embeddable":true,"href":"https:\/\/www.snowtrex.fr\/magazine\/wp-json\/wp\/v2\/media\/223"}],"wp:attachment":[{"href":"https:\/\/www.snowtrex.fr\/magazine\/wp-json\/wp\/v2\/media?parent=58516"}],"wp:term":[{"taxonomy":"category","embeddable":true,"href":"https:\/\/www.snowtrex.fr\/magazine\/wp-json\/wp\/v2\/categories?post=58516"},{"taxonomy":"post_tag","embeddable":true,"href":"https:\/\/www.snowtrex.fr\/magazine\/wp-json\/wp\/v2\/tags?post=58516"}],"curies":[{"name":"wp","href":"https:\/\/api.w.org\/{rel}","templated":true}]}}